{"id":32825,"date":"2014-10-14T12:16:38","date_gmt":"2014-10-14T10:16:38","guid":{"rendered":"http:\/\/fdb.fjon.de\/?p=32825"},"modified":"2017-10-17T07:35:00","modified_gmt":"2017-10-17T05:35:00","slug":"zwischen-welten-2014","status":"publish","type":"post","link":"http:\/\/fdb.fjon.de\/?p=32825","title":{"rendered":"Zwischen Welten (2014)"},"content":{"rendered":"<table style=\"border-color: #e6e6e6; width: 100%; background-color: #e6e6e6;\" border=\"rgb(204, 204, 204)\">\n<tbody>\n<tr>\n<td style=\"width: 100%; height: 10px; border-color: #e6e6e6; vertical-align: middle; background-color: #e6e6e6;\"><\/td>\n<\/tr>\n<tr>\n<td style=\"width: 100%; height: 100%; border-color: #e6e6e6; vertical-align: middle; background-color: #e6e6e6;\"><a href=\"?page_id=51762\"><img loading=\"lazy\" decoding=\"async\" class=\"alignnone wp-image-54943\" src=\"http:\/\/fdb.fjon.de\/wp-content\/uploads\/2015\/06\/flagge-deutschland.gif\" alt=\"flagge-deutschland\" width=\"83\" height=\"50\" \/><\/a>\u00a0<a href=\"?page_id=49859\"><img loading=\"lazy\" decoding=\"async\" class=\"alignnone wp-image-54688\" src=\"http:\/\/fdb.fjon.de\/wp-content\/uploads\/2015\/06\/disi.jpg\" alt=\"_disi\" width=\"50\" height=\"50\" srcset=\"http:\/\/fdb.fjon.de\/wp-content\/uploads\/2015\/06\/disi.jpg 600w, http:\/\/fdb.fjon.de\/wp-content\/uploads\/2015\/06\/disi-150x150.jpg 150w, http:\/\/fdb.fjon.de\/wp-content\/uploads\/2015\/06\/disi-300x300.jpg 300w, http:\/\/fdb.fjon.de\/wp-content\/uploads\/2015\/06\/disi-90x90.jpg 90w, http:\/\/fdb.fjon.de\/wp-content\/uploads\/2015\/06\/disi-75x75.jpg 75w\" sizes=\"(max-width: 50px) 100vw, 50px\" \/><\/a>\u00a0<a href=\"?page_id=47025\"><img loading=\"lazy\" decoding=\"async\" class=\"alignnone wp-image-54692\" src=\"http:\/\/fdb.fjon.de\/wp-content\/uploads\/2015\/06\/fsk12.jpg\" alt=\"_fsk12\" width=\"50\" height=\"50\" srcset=\"http:\/\/fdb.fjon.de\/wp-content\/uploads\/2015\/06\/fsk12.jpg 600w, http:\/\/fdb.fjon.de\/wp-content\/uploads\/2015\/06\/fsk12-150x150.jpg 150w, http:\/\/fdb.fjon.de\/wp-content\/uploads\/2015\/06\/fsk12-300x300.jpg 300w, http:\/\/fdb.fjon.de\/wp-content\/uploads\/2015\/06\/fsk12-90x90.jpg 90w, http:\/\/fdb.fjon.de\/wp-content\/uploads\/2015\/06\/fsk12-75x75.jpg 75w, http:\/\/fdb.fjon.de\/wp-content\/uploads\/2015\/06\/fsk12-120x120.jpg 120w\" sizes=\"(max-width: 50px) 100vw, 50px\" \/><\/a>\u00a0<a href=\"http:\/\/www.schnittberichte.com\/svds.php?Page=Titel&amp;ID=28765\" target=\"_blank\"><img loading=\"lazy\" decoding=\"async\" class=\"alignnone wp-image-54702\" src=\"http:\/\/fdb.fjon.de\/wp-content\/uploads\/2015\/06\/sbcom.jpg\" alt=\"_sbcom\" width=\"50\" height=\"50\" srcset=\"http:\/\/fdb.fjon.de\/wp-content\/uploads\/2015\/06\/sbcom.jpg 600w, http:\/\/fdb.fjon.de\/wp-content\/uploads\/2015\/06\/sbcom-150x150.jpg 150w, http:\/\/fdb.fjon.de\/wp-content\/uploads\/2015\/06\/sbcom-300x300.jpg 300w, http:\/\/fdb.fjon.de\/wp-content\/uploads\/2015\/06\/sbcom-250x250.jpg 250w, http:\/\/fdb.fjon.de\/wp-content\/uploads\/2015\/06\/sbcom-90x90.jpg 90w, http:\/\/fdb.fjon.de\/wp-content\/uploads\/2015\/06\/sbcom-75x75.jpg 75w\" sizes=\"(max-width: 50px) 100vw, 50px\" \/><\/a><\/td>\n<\/tr>\n<tr>\n<td style=\"width: 100%; height: 5px; border-color: #e6e6e6; vertical-align: middle; background-color: #e6e6e6;\"><\/td>\n<\/tr>\n<\/tbody>\n<\/table>\n<p style=\"text-align: center;\">[imdb id=&#8220;tt3032028&#8243;]<\/p>\n<table id=\"table1\" style=\"width: 100%; border-color: #e6e6e6; background-color: #f0f0f0;\" border=\"0\">\n<tbody>\n<tr>\n<td style=\"width: 50%; vertical-align: top;\" align=\"justify\" valign=\"top\" width=\"320\"><span style=\"font-family: Verdana; font-size: x-large;\"><img decoding=\"async\" class=\"alignnone\" src=\"http:\/\/www.moviepilot.de\/files\/images\/movie\/file\/10975057\/zwischen-welten-poster.jpg\" alt=\"\" width=\"100%\" height=\"427\" border=\"0\" \/><\/span><\/td>\n<td style=\"width: 50%; vertical-align: top;\" align=\"justify\" valign=\"top\" width=\"320\"><strong><span style=\"color: #333333; font-size: 14pt;\">Hauptmann Jesper ist Soldat bei der Bundeswehr. Obwohl sein Bruder bei einem Einsatz in Afghanistan ums Leben gekommen ist, meldet er sich erneut zum Milit\u00e4rdienst in das krisengesch\u00fcttelte Land. Der Auftrag seiner Truppe ist es, ein kleines abgelegenes Dorf vor den Taliban zu sch\u00fctzen, die in dieser Region zunehmend an Einfluss gewinnen. Unterst\u00fctzt werden die Soldaten dabei von dem jungen, afghanischen Dolmetscher Tarik&#8230;<\/span><\/strong><\/td>\n<\/tr>\n<\/tbody>\n<\/table>\n<p style=\"text-align: center;\"><strong><span style=\"font-family: Verdana; font-size: 14pt;\"><!--more--><\/span><\/strong><\/p>\n<p><span style=\"font-family: Verdana; font-size: x-large;\"><img decoding=\"async\" class=\"aligncenter\" src=\"http:\/\/www.moviepilot.de\/files\/images\/movie\/file\/10975057\/zwischen-welten-poster.jpg\" alt=\"\" width=\"100%\" height=\"854\" border=\"0\" \/><\/span><\/p>\n<p id=\"blogvision\" style=\"text-align: center;\"><iframe loading=\"lazy\" style=\"width: 100%; height: 420px;\" src=\"http:\/\/www.filmstarts.de\/_video\/iblogvision.aspx?cmedia=19536965\" width=\"300\" height=\"150\" frameborder=\"0\"><\/iframe><\/p>\n<p style=\"text-align: center;\"><iframe loading=\"lazy\" src=\"\/\/www.youtube.com\/embed\/yT7l1Rd8YbU\" width=\"100%\" height=\"420\" frameborder=\"0\" allowfullscreen=\"allowfullscreen\"><\/iframe><\/p>\n<p>&nbsp;<\/p>\n<h2><\/h2>\n<table style=\"width: 100%;\">\n<tbody>\n<tr>\n<td style=\"border-color: #eb4747; text-align: right; vertical-align: middle; background-color: #eb4747;\"><span style=\"color: #ffffff;\"><strong><span style=\"font-size: 18pt;\">OFDB<\/span><\/strong><\/span><\/td>\n<\/tr>\n<\/tbody>\n<\/table>\n<h2 style=\"text-align: justify;\"><span style=\"color: #333333; font-size: 18pt;\">Erneut nach Afghanistan: Bundeswehrsoldat Jesper (Ronald Zehrfeld) kehrt in das vom Krieg zerr\u00fcttete Land zur\u00fcck. Trotz des Todes seines Bruders bei einem Kampfeinsatz. Jesper soll als Truppenleiter einen Au\u00dfenposten unterst\u00fctzen. Dadurch soll der Einfluss der Taliban zur\u00fcckgedr\u00e4ngt werden. Zudem soll in absehbarer Zeit auch eine Stra\u00dfe gebaut werden.<\/span><\/h2>\n<h2 style=\"text-align: justify;\"><span style=\"color: #333333; font-size: 18pt;\">Tarik (Mohsin Ahmady), der mit seiner Schwester zusammenlebt, schl\u00e4gt sich als Dolmetscher und Lehrer durch. Nala (Saida Barmaki) studiert sogar. Doch damit machen sich die Geschwister auch Feinde. Denn die Fremden, die Tarik als \u00dcbersetzer unterst\u00fctzt und dazu eine Frau, die ihren eigenen Weg gehen will, passen manchen nicht. Daher versucht Tarik auch seit Monaten , ein Visum f\u00fcr die Ausreise zu erhalten &#8211; erfolglos.<\/span><\/h2>\n<h2 style=\"text-align: justify;\"><span style=\"color: #333333; font-size: 18pt;\">Als Tarik mit einem kleinen Trick den Dolmetscher-Posten f\u00fcr Jesper erh\u00e4lt, lernen sich die beiden nach und nach kennen und sch\u00e4tzen. Doch sowohl Jesper als auch Tarik m\u00fcssen einsehen, dass gute Absichten nicht immer gen\u00fcgen, um den richtigen Weg zu gehen&#8230;<\/span><\/h2>\n<p>&nbsp;<\/p>\n<h2><\/h2>\n<table style=\"width: 100%;\">\n<tbody>\n<tr>\n<td style=\"border-color: #eb4747; width: 50%; vertical-align: middle; text-align: left; background-color: #eb4747;\"><span style=\"color: #ffffff;\"><strong><span style=\"font-size: 18pt;\">-SPOILERWARNUNG-<\/span><\/strong><\/span><\/td>\n<td style=\"border-color: #eb4747; width: 50%; text-align: right; vertical-align: middle; background-color: #eb4747;\"><span style=\"color: #ffffff;\"><strong><span style=\"font-size: 18pt;\">WIKIPEDIA<\/span><\/strong><\/span><\/td>\n<\/tr>\n<\/tbody>\n<\/table>\n<h2 style=\"text-align: justify;\"><span style=\"color: #333333; font-size: 18pt;\">Zwischen Welten ist ein Filmdrama aus dem Jahr 2014 von Feo Aladag mit Ronald Zehrfeld und Mohsin Ahmady in den Hauptrollen. Der Film feierte am 11. Februar 2014 seine Weltpremiere im Rahmen des Wettbewerbs der Internationalen Filmfestspiele Berlin 2014.<\/span><\/h2>\n<h2 style=\"text-align: justify;\"><span style=\"color: #333333; font-size: 18pt;\">Bundesweiter Kinostart in Deutschland war der 27. M\u00e4rz 2014.<\/span><\/h2>\n<h2 style=\"text-align: justify;\"><span style=\"color: #333333; font-size: 18pt;\"><br \/>\n<strong><span style=\"text-decoration: underline;\">Handlung:<\/span><\/strong><\/span><\/h2>\n<h2 style=\"text-align: justify;\"><span style=\"color: #333333; font-size: 18pt;\">Hauptmann Jesper ist Soldat bei der Bundeswehr. Obwohl sein Bruder bei einem Einsatz in Afghanistan ums Leben gekommen ist, meldet er sich erneut zum Milit\u00e4rdienst in das krisengesch\u00fcttelte Land. Der Auftrag seiner Truppe ist es, ein kleines abgelegenes Dorf vor den Taliban zu sch\u00fctzen, die in dieser Region zunehmend an Einfluss gewinnen. Unterst\u00fctzt werden die Soldaten dabei von dem jungen, afghanischen Dolmetscher Tarik.<\/span><\/h2>\n<h2 style=\"text-align: justify;\"><span style=\"color: #333333; font-size: 18pt;\">Jesper versucht mit Tariks Hilfe, das Vertrauen der Dorfgemeinschaft und der verb\u00fcndeten afghanischen Milizen zu gewinnen, doch die Kluft zwischen den Kulturen ist gro\u00df. Tarik und Jesper aber freunden sich an \u2013 wor\u00fcber der Deutsche Bundeswehrangeh\u00f6rige Jesper bald in einen Loyalit\u00e4tskonflikt ger\u00e4t, da er immer wieder zwischen seinem Gewissen und den Befehlen seiner Vorgesetzten steht.<\/span><\/h2>\n<h2 style=\"text-align: justify;\"><span style=\"color: #333333; font-size: 18pt;\">Tarik, der aufgrund seiner Arbeit f\u00fcr die Deutschen von den Taliban bedroht wird, erh\u00e4lt vom B\u00fcrgermeister des Dorfes die Erlaubnis, seine Schwester Nala aus der Stadt in das kleine Fort der Deutschen und Afghanis zu holen, um sie unter die Aufsicht des deutschen Au\u00dfenpostens zu stellen.<\/span><\/h2>\n<h2 style=\"text-align: justify;\"><span style=\"color: #333333; font-size: 18pt;\">Auf dem Weg ins Fort werden Nala und Tarik aus einem vorbeifahrenden Auto vom Motorrad heruntergeschossen. Tarik bleibt unverletzt, Nala ist lebensgef\u00e4hrlich verwundet. Tarik tr\u00e4gt seine Schwester ins Fort. Jesper wird die Erlaubnis verweigert, die schwer verletzte Afghani in das Deutsche Milit\u00e4rkrankenhaus bringen zu d\u00fcrfen.<\/span><\/h2>\n<h2 style=\"text-align: justify;\"><span style=\"color: #333333; font-size: 18pt;\">Er entschlie\u00dft sich, den Befehl zu verweigern und f\u00e4hrt Nala auf dem Lastwagen des B\u00fcrgermeisters zum Krankenhaus. Nala wird operiert und gesundet. Jesper kommt vor ein Kriegsgericht und wird unehrenhaft entlassen. Tarik nimmt seinen Beruf als Sprachlehrer wieder auf. Das Schlussbild zeigt, wie er auf seinem Motorrad vor einer Bahnschranke h\u00e4lt. Ein Auto f\u00e4hrt neben ihn und h\u00e4lt ebenfalls. Als die Schranke den Weg freigibt, f\u00e4llt ein Schuss.<\/span><\/h2>\n<h2 style=\"text-align: justify;\"><span style=\"color: #333333; font-size: 18pt;\"><br \/>\n<strong><span style=\"text-decoration: underline;\">Hintergrund:<\/span><\/strong><\/span><\/h2>\n<h2 style=\"text-align: justify;\"><span style=\"color: #333333; font-size: 18pt;\">Zwischen Welten ist eine Independent Artists Filmproduktion in Ko-Produktion mit Gei\u00dfend\u00f6rfer Film- und Fernsehproduktion und ZDF\/ARTE, gef\u00f6rdert mit Mitteln von der Filmf\u00f6rderungsanstalt, Medienboard Berlin-Brandenburg, Film- und Medienstiftung NRW, Nordmedia, Deutscher Filmf\u00f6rderfonds, BKM und MEDIA Programme der Europ\u00e4ischen Union. Der Filmverleih ist Majestic.<\/span><\/h2>\n<h2 style=\"text-align: justify;\"><span style=\"color: #333333; font-size: 18pt;\">Feo Aladag ist sowohl Regisseurin als auch Drehbuchautorin und Produzentin von Zwischen Welten. Trotz Widerst\u00e4nden bestand sie darauf, ihren Film vor Ort in Krisengebieten zu drehen, statt den Dreh in andere L\u00e4nder zu verlegen, wie f\u00fcr westliche Produktionen \u00fcblich, welche die gesuchten, passenden Landschaften auch im weniger gef\u00e4hrlichen Marokko finden. Der Film wurde an Originalschaupl\u00e4tzen in Kunduz und Mazar-i-Sharif sowie an verschiedenen Drehorten in Deutschland auf Deutsch, Englisch, Dari und Paschtu gedreht. Der Arbeitstitel lautete Sp\u00e4ter im Sommer.<\/span><\/h2>\n<h2 style=\"text-align: justify;\"><span style=\"color: #333333; font-size: 18pt;\"><br \/>\n<strong><span style=\"text-decoration: underline;\">Auszeichnungen:<\/span><\/strong><\/span><\/h2>\n<h2 style=\"text-align: justify;\"><span style=\"color: #333333; font-size: 18pt;\">Zwischen Welten gewann den Sonderpreis des 5. kirchlichen Filmfestivals Recklinghausen.<\/span><\/h2>\n<h2 style=\"text-align: justify;\"><span style=\"color: #333333; font-size: 18pt;\">Der Preis, der vom Katholischen Kreisdekanat Recklinghausen gestiftet wird, m\u00f6chte auf Filme hinweisen, die in besonderer Weise zur Diskussion aktueller Fragen in der schulischen und au\u00dferschulischen Bildungsarbeit geeignet sind.<\/span><\/h2>\n<h2 style=\"text-align: justify;\"><span style=\"color: #333333; font-size: 18pt;\">Die Deutsche Film- und Medienbewertung verlieh dem Film das Pr\u00e4dikat \u201ebesonders wertvoll\u201c.<\/span><\/h2>\n<h2 style=\"text-align: justify;\"><span style=\"color: #333333; font-size: 18pt;\"><br \/>\n<strong><span style=\"text-decoration: underline;\">Festivals:<\/span><\/strong><\/span><\/h2>\n<h2 style=\"text-align: justify;\"><span style=\"color: #333333; font-size: 18pt;\">Zwischen Welten lief im Wettbewerb der Internationale Filmfestspiele Berlin 2014<\/span><\/h2>\n<h2 style=\"text-align: justify;\"><span style=\"color: #333333; font-size: 18pt;\">Zwischen Welten war am 19. Filmfestival T\u00fcrkei\/Deutschland im Wettbewerb der Spielfilme nominiert<\/span><\/h2>\n<p>&nbsp;<\/p>\n","protected":false},"excerpt":{"rendered":"<p>\u00a0\u00a0\u00a0 [imdb id=&#8220;tt3032028&#8243;] Hauptmann Jesper ist Soldat bei der Bundeswehr. Obwohl sein Bruder bei einem Einsatz in Afghanistan ums Leben gekommen ist, meldet er sich erneut zum Milit\u00e4rdienst in das krisengesch\u00fcttelte Land. Der Auftrag seiner Truppe ist es, ein kleines abgelegenes Dorf vor den Taliban zu sch\u00fctzen, die in dieser Region zunehmend an Einfluss gewinnen. Unterst\u00fctzt werden die Soldaten dabei<\/p>\n","protected":false},"author":1,"featured_media":45180,"comment_status":"open","ping_status":"closed","sticky":false,"template":"","format":"standard","meta":{"footnotes":""},"categories":[1127,3475,9,197,139,22025],"tags":[6731,195423,195424,82549,195425,195426,195427,29309,56398,63329,191021,195428,195429,195430,195431,7026,173356,173764,191053,195432,195433,195434,173769,91,195435,6659,195436,195437,82947,2780,2777,51284,6647,195438,195439,82633,78660,195440,195441,173776,195442,51293,195443,117532,195444,195445,56467,37345,51307,195446,195447,195448,134796,195449,132994,157717,195450,195451,39696,195452,56495,51314,195453,195454,195455,195456,195457,195458,2779,133038,72615,195459,195460,195461,195462,195463,2160,195464,195465,195466,195467,195468,2778,195469,195470,195471,195472,195473,195474,83003,195475,949,195476,195477,171049,195478,39723,78686,37379,195479,195480,195481,195482,195483,195484,191295,195485,67849,195486],"_links":{"self":[{"href":"http:\/\/fdb.fjon.de\/index.php?rest_route=\/wp\/v2\/posts\/32825"}],"collection":[{"href":"http:\/\/fdb.fjon.de\/index.php?rest_route=\/wp\/v2\/posts"}],"about":[{"href":"http:\/\/fdb.fjon.de\/index.php?rest_route=\/wp\/v2\/types\/post"}],"author":[{"embeddable":true,"href":"http:\/\/fdb.fjon.de\/index.php?rest_route=\/wp\/v2\/users\/1"}],"replies":[{"embeddable":true,"href":"http:\/\/fdb.fjon.de\/index.php?rest_route=%2Fwp%2Fv2%2Fcomments&post=32825"}],"version-history":[{"count":0,"href":"http:\/\/fdb.fjon.de\/index.php?rest_route=\/wp\/v2\/posts\/32825\/revisions"}],"wp:featuredmedia":[{"embeddable":true,"href":"http:\/\/fdb.fjon.de\/index.php?rest_route=\/wp\/v2\/media\/45180"}],"wp:attachment":[{"href":"http:\/\/fdb.fjon.de\/index.php?rest_route=%2Fwp%2Fv2%2Fmedia&parent=32825"}],"wp:term":[{"taxonomy":"category","embeddable":true,"href":"http:\/\/fdb.fjon.de\/index.php?rest_route=%2Fwp%2Fv2%2Fcategories&post=32825"},{"taxonomy":"post_tag","embeddable":true,"href":"http:\/\/fdb.fjon.de\/index.php?rest_route=%2Fwp%2Fv2%2Ftags&post=32825"}],"curies":[{"name":"wp","href":"https:\/\/api.w.org\/{rel}","templated":true}]}}