{"id":30732,"date":"2014-08-25T09:48:21","date_gmt":"2014-08-25T07:48:21","guid":{"rendered":"http:\/\/fdb.fjon.de\/?p=30732"},"modified":"2018-04-04T12:24:59","modified_gmt":"2018-04-04T10:24:59","slug":"und-aektschn-2014","status":"publish","type":"post","link":"http:\/\/fdb.fjon.de\/?p=30732","title":{"rendered":"Und \u00c4ktschn! (2014)"},"content":{"rendered":"<table style=\"border-color: #e6e6e6; width: 100%; background-color: #e6e6e6;\" border=\"rgb(204, 204, 204)\">\n<tbody>\n<tr>\n<td style=\"width: 100%; height: 10px; border-color: #e6e6e6; vertical-align: middle; background-color: #e6e6e6;\"><\/td>\n<\/tr>\n<tr>\n<td style=\"width: 100%; height: 100%; border-color: #e6e6e6; vertical-align: middle; background-color: #e6e6e6;\"><a href=\"?page_id=53675\"><img loading=\"lazy\" decoding=\"async\" class=\"alignnone wp-image-56484\" src=\"http:\/\/fdb.fjon.de\/wp-content\/uploads\/2014\/10\/flagge-oesterreich.gif\" alt=\"flagge-oesterreich\" width=\"86\" height=\"50\" \/><\/a>\u00a0<a href=\"?page_id=49859\"><img loading=\"lazy\" decoding=\"async\" class=\"alignnone wp-image-54688\" src=\"http:\/\/fdb.fjon.de\/wp-content\/uploads\/2015\/06\/disi.jpg\" alt=\"_disi\" width=\"50\" height=\"50\" srcset=\"http:\/\/fdb.fjon.de\/wp-content\/uploads\/2015\/06\/disi.jpg 600w, http:\/\/fdb.fjon.de\/wp-content\/uploads\/2015\/06\/disi-150x150.jpg 150w, http:\/\/fdb.fjon.de\/wp-content\/uploads\/2015\/06\/disi-300x300.jpg 300w, http:\/\/fdb.fjon.de\/wp-content\/uploads\/2015\/06\/disi-90x90.jpg 90w, http:\/\/fdb.fjon.de\/wp-content\/uploads\/2015\/06\/disi-75x75.jpg 75w\" sizes=\"(max-width: 50px) 100vw, 50px\" \/> <\/a><a href=\"?page_id=47023\"><img loading=\"lazy\" decoding=\"async\" class=\"alignnone wp-image-54691\" src=\"http:\/\/fdb.fjon.de\/wp-content\/uploads\/2015\/06\/fsk6.jpg\" alt=\"_fsk6\" width=\"50\" height=\"50\" srcset=\"http:\/\/fdb.fjon.de\/wp-content\/uploads\/2015\/06\/fsk6.jpg 600w, http:\/\/fdb.fjon.de\/wp-content\/uploads\/2015\/06\/fsk6-150x150.jpg 150w, http:\/\/fdb.fjon.de\/wp-content\/uploads\/2015\/06\/fsk6-300x300.jpg 300w, http:\/\/fdb.fjon.de\/wp-content\/uploads\/2015\/06\/fsk6-90x90.jpg 90w, http:\/\/fdb.fjon.de\/wp-content\/uploads\/2015\/06\/fsk6-75x75.jpg 75w, http:\/\/fdb.fjon.de\/wp-content\/uploads\/2015\/06\/fsk6-120x120.jpg 120w\" sizes=\"(max-width: 50px) 100vw, 50px\" \/><\/a>\u00a0<a href=\"http:\/\/www.schnittberichte.com\/svds.php?Page=Titel&amp;ID=23279\" target=\"_blank\"><img loading=\"lazy\" decoding=\"async\" class=\"alignnone wp-image-54702\" src=\"http:\/\/fdb.fjon.de\/wp-content\/uploads\/2015\/06\/sbcom.jpg\" alt=\"_sbcom\" width=\"50\" height=\"50\" srcset=\"http:\/\/fdb.fjon.de\/wp-content\/uploads\/2015\/06\/sbcom.jpg 600w, http:\/\/fdb.fjon.de\/wp-content\/uploads\/2015\/06\/sbcom-150x150.jpg 150w, http:\/\/fdb.fjon.de\/wp-content\/uploads\/2015\/06\/sbcom-300x300.jpg 300w, http:\/\/fdb.fjon.de\/wp-content\/uploads\/2015\/06\/sbcom-250x250.jpg 250w, http:\/\/fdb.fjon.de\/wp-content\/uploads\/2015\/06\/sbcom-90x90.jpg 90w, http:\/\/fdb.fjon.de\/wp-content\/uploads\/2015\/06\/sbcom-75x75.jpg 75w\" sizes=\"(max-width: 50px) 100vw, 50px\" \/><\/a><\/td>\n<\/tr>\n<tr>\n<td style=\"width: 100%; height: 5px; border-color: #e6e6e6; vertical-align: middle; background-color: #e6e6e6;\"><\/td>\n<\/tr>\n<\/tbody>\n<\/table>\n<p style=\"text-align: center;\">[imdb id=&#8220;tt2597302&#8243;]<\/p>\n<table id=\"table1\" style=\"width: 100%; border-color: #e6e6e6; background-color: #f0f0f0;\" border=\"0\">\n<tbody>\n<tr>\n<td style=\"width: 50%; vertical-align: top;\" align=\"justify\" valign=\"top\" width=\"320\"><img decoding=\"async\" style=\"border: 0px;\" src=\"http:\/\/www.moviepilot.de\/files\/images\/movie\/file\/10967673\/und-aektschn-poster.jpg\" alt=\"\" width=\"100%\" height=\"451\" border=\"0\" \/><\/td>\n<td style=\"width: 50%; vertical-align: top;\" align=\"justify\" valign=\"top\" width=\"320\">Der Amateurfilmer Hans A. Pospiech lebt vom Verkauf der Weltkriegs-Memorabilien, die ihm sein Vater vererbte. Mit dem Herren Nagy, einem Vereinskameraden des \u00f6rtlichen Filmklubs, streitet er sich um den Titel des gr\u00f6\u00dften Filmexperten. Auf Vorschlag des Bankdirektors Faltermeier hin, starten sie ihre jeweils eigenen Filmprojekte als Wettbewerb.<\/td>\n<\/tr>\n<\/tbody>\n<\/table>\n<h2 style=\"text-align: center;\"><span style=\"font-family: Verdana; font-size: x-large;\"><!--more--><\/span><\/h2>\n<p style=\"text-align: center;\"><span style=\"font-family: Verdana; font-size: x-large;\"><img decoding=\"async\" src=\"http:\/\/www.moviepilot.de\/files\/images\/movie\/file\/10967673\/und-aektschn-poster.jpg\" alt=\"\" width=\"100%\" height=\"902\" border=\"0\" \/><\/span><\/p>\n<p id=\"blogvision\" style=\"text-align: center;\"><iframe loading=\"lazy\" style=\"width: 100%; height: 420px;\" src=\"http:\/\/www.filmstarts.de\/_video\/iblogvision.aspx?cmedia=19536574\" width=\"320\" height=\"240\" frameborder=\"0\"><\/iframe><\/p>\n<p style=\"text-align: center;\"><iframe loading=\"lazy\" src=\"\/\/www.youtube.com\/embed\/AWLtlaoCTvM\" width=\"100%\" height=\"420\" frameborder=\"0\" allowfullscreen=\"allowfullscreen\"><\/iframe><\/p>\n<p style=\"text-align: center;\"><iframe loading=\"lazy\" src=\"\/\/www.youtube.com\/embed\/1ATZpToNTMk\" width=\"100%\" height=\"420\" frameborder=\"0\" allowfullscreen=\"allowfullscreen\"><\/iframe><\/p>\n<h2 style=\"text-align: justify;\"><span style=\"color: #333333;\"><br \/>\nUnd \u00c4ktschn! ist eine Filmkom\u00f6die von Frederick Baker aus dem Jahr 2013, die am 3. August 2013 in Feldkirch beim Poolbar Festival uraufgef\u00fchrt wurde. Regul\u00e4r in die deutschen Kinos kam der Film am 6. Februar 2014.<\/span><\/h2>\n<h2 style=\"text-align: justify;\"><span style=\"color: #333333;\"><br \/>\n<strong><span style=\"text-decoration: underline;\">Handlung:<\/span><\/strong><\/span><\/h2>\n<h2 style=\"text-align: justify;\"><span style=\"color: #333333;\">Der Amateurfilmer Hans A. Pospiech lebt vom Verkauf der Weltkriegs-Memorabilien, die ihm sein Vater vererbte. Mit dem Herren Nagy, einem Vereinskameraden des \u00f6rtlichen Filmklubs, streitet er sich um den Titel des gr\u00f6\u00dften Filmexperten. Auf Vorschlag des Bankdirektors Faltermeier hin, starten sie ihre jeweils eigenen Filmprojekte als Wettbewerb.<\/span><\/h2>\n<h2 style=\"text-align: justify;\"><span style=\"color: #333333;\"><br \/>\n<strong><span style=\"text-decoration: underline;\">Hintergrund:<\/span><\/strong><\/span><\/h2>\n<h2 style=\"text-align: justify;\"><span style=\"color: #333333;\">Der Film kommt im Verleih der Majestic Filmverleih in die Kinos; produziert wurde er von der Rat Pack Filmproduktion, der Filmb\u00e4ckerei Wien und der VIAFILM. Der FFF Bayern, der DFFF, die FISA und das \u00d6FI f\u00f6rderten den Film.<\/span><\/h2>\n<h2 style=\"text-align: justify;\"><span style=\"color: #333333;\"><br \/>\n<strong><span style=\"text-decoration: underline;\">Kritiken:<\/span><\/strong><\/span><\/h2>\n<h2 style=\"text-align: justify;\"><span style=\"color: #333333;\">\u201eSein neuer Film, &#8218;Und \u00c4ktschn!&#8216;, der am Dienstagabend im Gartenbaukino in Wien Premiere hatte (und am 6. Februar in die deutschen Kinos kommt), ist ein kraftraubendes Opus. Ein Liebhaberst\u00fcck f\u00fcr Cineasten und Nostalgiker. Wer mit Polt noch nie viel anfangen konnte, wird es jetzt auch nicht k\u00f6nnen.\u201c Cathrin Kahlweit: S\u00fcddeutsche Zeitung<\/span><\/h2>\n<h2 style=\"text-align: justify;\"><span style=\"color: #333333;\"><a href=\"http:\/\/de.wikipedia.org\/wiki\/Und_%C3%84ktschn!\" target=\"_blank\"><span style=\"color: #333333;\"><br \/>\nQuelle: Wikipedia<\/span><\/a><\/span><\/h2>\n<p>&nbsp;<\/p>\n","protected":false},"excerpt":{"rendered":"<p>\u00a0 \u00a0 [imdb id=&#8220;tt2597302&#8243;] Der Amateurfilmer Hans A. Pospiech lebt vom Verkauf der Weltkriegs-Memorabilien, die ihm sein Vater vererbte. Mit dem Herren Nagy, einem Vereinskameraden des \u00f6rtlichen Filmklubs, streitet er sich um den Titel des gr\u00f6\u00dften Filmexperten. Auf Vorschlag des Bankdirektors Faltermeier hin, starten sie ihre jeweils eigenen Filmprojekte als Wettbewerb.<\/p>\n","protected":false},"author":1,"featured_media":82842,"comment_status":"open","ping_status":"closed","sticky":false,"template":"","format":"standard","meta":{"footnotes":""},"categories":[1127,174,7,3475,197,137,22020],"tags":[6731,33069,200959,200960,200961,200962,200963,200964,79890,200965,157564,6653,200966,200967,130563,67771,200968,200969,200970,79902,200971,130566,200972,123002,91,200973,81675,200974,130567,200975,6659,200976,200977,200978,200979,132906,200980,200981,2144,6645,200982,200983,2145,200984,2146,200985,200986,200987,200988,78467,200989,200990,200991,200992,81699,200993,81702,200994,200995,157723,195452,200996,200997,69306,79939,200998,200999,201000,201001,173793,201002,471,130582,201003,151119,201004,157760,185564,201005,201006,130587,201007,67824,201008,201009,16852,201010,201011,201012,69371,201013,201014,201015,201016,201017,201018,130595,201019,201020],"_links":{"self":[{"href":"http:\/\/fdb.fjon.de\/index.php?rest_route=\/wp\/v2\/posts\/30732"}],"collection":[{"href":"http:\/\/fdb.fjon.de\/index.php?rest_route=\/wp\/v2\/posts"}],"about":[{"href":"http:\/\/fdb.fjon.de\/index.php?rest_route=\/wp\/v2\/types\/post"}],"author":[{"embeddable":true,"href":"http:\/\/fdb.fjon.de\/index.php?rest_route=\/wp\/v2\/users\/1"}],"replies":[{"embeddable":true,"href":"http:\/\/fdb.fjon.de\/index.php?rest_route=%2Fwp%2Fv2%2Fcomments&post=30732"}],"version-history":[{"count":0,"href":"http:\/\/fdb.fjon.de\/index.php?rest_route=\/wp\/v2\/posts\/30732\/revisions"}],"wp:featuredmedia":[{"embeddable":true,"href":"http:\/\/fdb.fjon.de\/index.php?rest_route=\/wp\/v2\/media\/82842"}],"wp:attachment":[{"href":"http:\/\/fdb.fjon.de\/index.php?rest_route=%2Fwp%2Fv2%2Fmedia&parent=30732"}],"wp:term":[{"taxonomy":"category","embeddable":true,"href":"http:\/\/fdb.fjon.de\/index.php?rest_route=%2Fwp%2Fv2%2Fcategories&post=30732"},{"taxonomy":"post_tag","embeddable":true,"href":"http:\/\/fdb.fjon.de\/index.php?rest_route=%2Fwp%2Fv2%2Ftags&post=30732"}],"curies":[{"name":"wp","href":"https:\/\/api.w.org\/{rel}","templated":true}]}}