{"id":30651,"date":"2014-08-21T08:52:21","date_gmt":"2014-08-21T06:52:21","guid":{"rendered":"http:\/\/fdb.fjon.de\/?p=30651"},"modified":"2018-03-26T09:42:28","modified_gmt":"2018-03-26T07:42:28","slug":"erkan-stefan-gegen-die-maechte-der-finsternis-2002","status":"publish","type":"post","link":"http:\/\/fdb.fjon.de\/?p=30651","title":{"rendered":"Erkan &#038; Stefan gegen die M\u00e4chte der Finsternis (2002)"},"content":{"rendered":"<table style=\"border-color: #e6e6e6; width: 100%; background-color: #e6e6e6;\" border=\"rgb(204, 204, 204)\">\n<tbody>\n<tr>\n<td style=\"width: 100%; height: 10px; border-color: #e6e6e6; vertical-align: middle; background-color: #e6e6e6;\"><\/td>\n<\/tr>\n<tr>\n<td style=\"width: 100%; height: 100%; border-color: #e6e6e6; vertical-align: middle; background-color: #e6e6e6;\"><strong><a href=\"?page_id=51762\"><img loading=\"lazy\" decoding=\"async\" class=\"alignnone wp-image-54943\" src=\"http:\/\/fdb.fjon.de\/wp-content\/uploads\/2015\/06\/flagge-deutschland.gif\" alt=\"flagge-deutschland\" width=\"83\" height=\"50\" \/><\/a>\u00a0<a href=\"?page_id=49859\"><img loading=\"lazy\" decoding=\"async\" class=\"alignnone wp-image-54688\" src=\"http:\/\/fdb.fjon.de\/wp-content\/uploads\/2015\/06\/disi.jpg\" alt=\"_disi\" width=\"50\" height=\"50\" srcset=\"http:\/\/fdb.fjon.de\/wp-content\/uploads\/2015\/06\/disi.jpg 600w, http:\/\/fdb.fjon.de\/wp-content\/uploads\/2015\/06\/disi-150x150.jpg 150w, http:\/\/fdb.fjon.de\/wp-content\/uploads\/2015\/06\/disi-300x300.jpg 300w, http:\/\/fdb.fjon.de\/wp-content\/uploads\/2015\/06\/disi-90x90.jpg 90w, http:\/\/fdb.fjon.de\/wp-content\/uploads\/2015\/06\/disi-75x75.jpg 75w\" sizes=\"(max-width: 50px) 100vw, 50px\" \/> <\/a><a href=\"?page_id=47025\"><img loading=\"lazy\" decoding=\"async\" class=\"alignnone wp-image-54692\" src=\"http:\/\/fdb.fjon.de\/wp-content\/uploads\/2015\/06\/fsk12.jpg\" alt=\"_fsk12\" width=\"50\" height=\"50\" srcset=\"http:\/\/fdb.fjon.de\/wp-content\/uploads\/2015\/06\/fsk12.jpg 600w, http:\/\/fdb.fjon.de\/wp-content\/uploads\/2015\/06\/fsk12-150x150.jpg 150w, http:\/\/fdb.fjon.de\/wp-content\/uploads\/2015\/06\/fsk12-300x300.jpg 300w, http:\/\/fdb.fjon.de\/wp-content\/uploads\/2015\/06\/fsk12-90x90.jpg 90w, http:\/\/fdb.fjon.de\/wp-content\/uploads\/2015\/06\/fsk12-75x75.jpg 75w, http:\/\/fdb.fjon.de\/wp-content\/uploads\/2015\/06\/fsk12-120x120.jpg 120w\" sizes=\"(max-width: 50px) 100vw, 50px\" \/><\/a>\u00a0<a href=\"http:\/\/www.schnittberichte.com\/svds.php?Page=Titel&amp;ID=12244\" target=\"_blank\"><img loading=\"lazy\" decoding=\"async\" class=\"alignnone wp-image-54702\" src=\"http:\/\/fdb.fjon.de\/wp-content\/uploads\/2015\/06\/sbcom.jpg\" alt=\"_sbcom\" width=\"50\" height=\"50\" srcset=\"http:\/\/fdb.fjon.de\/wp-content\/uploads\/2015\/06\/sbcom.jpg 600w, http:\/\/fdb.fjon.de\/wp-content\/uploads\/2015\/06\/sbcom-150x150.jpg 150w, http:\/\/fdb.fjon.de\/wp-content\/uploads\/2015\/06\/sbcom-300x300.jpg 300w, http:\/\/fdb.fjon.de\/wp-content\/uploads\/2015\/06\/sbcom-250x250.jpg 250w, http:\/\/fdb.fjon.de\/wp-content\/uploads\/2015\/06\/sbcom-90x90.jpg 90w, http:\/\/fdb.fjon.de\/wp-content\/uploads\/2015\/06\/sbcom-75x75.jpg 75w\" sizes=\"(max-width: 50px) 100vw, 50px\" \/><\/a><\/strong><\/td>\n<\/tr>\n<tr>\n<td style=\"width: 100%; height: 5px; border-color: #e6e6e6; vertical-align: middle; background-color: #e6e6e6;\"><\/td>\n<\/tr>\n<\/tbody>\n<\/table>\n<p style=\"text-align: center;\">[imdb id=&#8220;tt0293124&#8243;]<\/p>\n<table id=\"table1\" style=\"width: 100%; border-color: #e6e6e6; background-color: #f0f0f0;\" border=\"0\">\n<tbody>\n<tr>\n<td style=\"width: 50%; vertical-align: top;\" align=\"justify\" valign=\"top\" width=\"320\"><img decoding=\"async\" style=\"border: 0px;\" src=\"http:\/\/www.moviepilot.de\/files\/images\/0535\/6632\/erkan-und-stefan-gegen-die-m_chte-der-finsternis-poster.jpg\" alt=\"\" width=\"100%\" height=\"453\" border=\"0\" \/><\/td>\n<td style=\"width: 50%; vertical-align: top;\" align=\"justify\" valign=\"top\" width=\"320\">Die zwei Tolpatsche Erkan und Stefan arbeiten als Gep\u00e4ck-Loader am Flughafen. Durch &#8222;Zufall&#8220; klauen sie aus einem Koffer einen wertvollen Dolch, dem zur allgemeinen \u00dcberraschung ein echtes Super-Bunny entspringt: Tana (Bettina Zimmermann) ist die H\u00fcterin des guten St\u00fccks, und war seit Jahrtausenden in die Ritualwaffe eingeschlossen. Das ruft nun den Magier Kartan (Leon Boden) auf den Plan, der Tana beseitigen und so die Welt ins Chaos st\u00fcrzen will. Doch er hat die Rechnung ohne die beiden Super-Chaoten gemacht&#8230;<\/td>\n<\/tr>\n<\/tbody>\n<\/table>\n<h2 style=\"text-align: center;\"><span style=\"font-family: Verdana; font-size: x-large;\"><!--more--><\/span><\/h2>\n<p style=\"text-align: center;\"><span style=\"font-family: Verdana; font-size: x-large;\"><img decoding=\"async\" src=\"http:\/\/www.moviepilot.de\/files\/images\/0535\/6632\/erkan-und-stefan-gegen-die-m_chte-der-finsternis-poster.jpg\" alt=\"\" width=\"100%\" height=\"906\" border=\"0\" \/><\/span><\/p>\n<p id=\"blogvision\" style=\"text-align: center;\"><iframe loading=\"lazy\" style=\"width: 100%; height: 420px;\" src=\"http:\/\/www.filmstarts.de\/_video\/iblogvision.aspx?cmedia=19420710\" width=\"320\" height=\"240\" frameborder=\"0\"><\/iframe><\/p>\n<p style=\"text-align: center;\"><iframe loading=\"lazy\" src=\"\/\/www.youtube.com\/embed\/tYPRMYT1zFg\" width=\"100%\" height=\"520\" frameborder=\"0\" allowfullscreen=\"allowfullscreen\"><\/iframe><\/p>\n<h2 style=\"text-align: justify;\"><span style=\"color: #333333;\"><br \/>\n<strong><span style=\"text-decoration: underline;\">Inhalt:<\/span><\/strong><\/span><\/h2>\n<h2 style=\"text-align: justify;\"><span style=\"color: #333333;\">Die zwei Tolpatsche Erkan und Stefan arbeiten als Gep\u00e4ck-Loader am Flughafen. Durch &#8222;Zufall&#8220; klauen sie aus einem Koffer einen wertvollen Dolch, dem zur allgemeinen \u00dcberraschung ein echtes Super-Bunny entspringt: Tana (Bettina Zimmermann) ist die H\u00fcterin des guten St\u00fccks, und war seit Jahrtausenden in die Ritualwaffe eingeschlossen. Das ruft nun den Magier Kartan (Leon Boden) auf den Plan, der Tana beseitigen und so die Welt ins Chaos st\u00fcrzen will. Doch er hat die Rechnung ohne die beiden Super-Chaoten gemacht&#8230;<\/span><\/h2>\n<h2 style=\"text-align: justify;\"><span style=\"color: #333333;\"><br \/>\nErkan und Stefan \u2013 Gegen die M\u00e4chte der Finsternis ist ein Film von Regisseur Axel Sand, gedreht im Jahr 2001 in Deutschland. Es ist der zweite Film des Comedy-Duos nach Erkan &amp; Stefan.<\/span><br \/>\n<span style=\"color: #333333;\"> Der Film handelt von der Auseinandersetzung zwischen Kartan, einem finsteren Hexenmeister und der K\u00e4mpferin Tana, die sich selbst als \u201eH\u00fcterin des Guten\u201c bezeichnet. Erkan und Stefan geraten in den Konflikt zwischen den beiden, k\u00f6nnen aber in ihrem Slapstick die Welt vor dem B\u00f6sen retten.<\/span><\/h2>\n<h2 style=\"text-align: justify;\"><span style=\"color: #333333;\"><br \/>\n<strong><span style=\"text-decoration: underline;\">Handlung:<\/span><\/strong><\/span><\/h2>\n<h2 style=\"text-align: justify;\"><span style=\"color: #333333;\">Vor langer Zeit hatte Kartan in Mesopotamien versucht, die orientalische, mystisch anmutige Tana mit dem magischen Dolch zu t\u00f6ten, um sich die Weltherrschaft zu sichern. Dies ist ihm misslungen, stattdessen konnte Tana in den Dolch schl\u00fcpfen welcher bis zum anbrechenden 21. Jahrhundert verschollen war.<\/span><\/h2>\n<h2 style=\"text-align: justify;\"><span style=\"color: #333333;\">Der Film beginnt damit, dass Kartan sich den Dolch nach langer Suche durch List aneignen kann. Der Dolch soll es ihm endlich erm\u00f6glichen, mit einem blutigen Ritual die Menschheit dieser Welt auf ewig seiner dunklen Herrschaft zu unterwerfen.<\/span><\/h2>\n<h2 style=\"text-align: justify;\"><span style=\"color: #333333;\">Kartan transportiert den Dolch in seinem Fluggep\u00e4ck und dadurch geschieht es, dass Erkan, der zusammen mit Stefan als Gep\u00e4ckfahrer am M\u00fcnchener Flughafen arbeitet, den Dolch an sich bringt und Kartan eine fern\u00f6stliche Billig-Kopie unterschiebt, nicht ahnend, was es mit dieser Klinge auf sich hat.<\/span><\/h2>\n<h2 style=\"text-align: justify;\"><span style=\"color: #333333;\">Mit dem falschen Dolch er\u00f6ffnet Kartan wenig sp\u00e4ter die Zeremonie, die Tana aus dem Dolch erwecken und sein grausiges Ritual vollziehen soll. Doch stattdessen wirkt der Zauber nun auf den Dolch, der sich in Erkans Besitz befindet, als dieser gerade mit Stefan seine neueste Anschaffung \u2013 ein Videospiel mit \u201eBunny-zieh-dich-aus-Knopf\u201c \u2013 ausprobiert.<\/span><\/h2>\n<h2 style=\"text-align: justify;\"><span style=\"color: #333333;\">Tana erwacht aus dem Dolch und st\u00fcrzt sich zun\u00e4chst auf Erkan und Stefan, weil sie in einem von beide Kartan vermutet. Nachdem die Wohnung Kleinholz ist, und klar ist, dass keiner der beiden Kartan ist, macht sie sich als Beh\u00fcterin des Guten auf den Weg zu der ihr aufgetragene Mission, Kartan aufzusp\u00fcren und zu vernichten. Da sie die Ver\u00e4nderungen der letzten tausenden von Jahren verpasst hat, f\u00e4llt ihr die Orientierung in der modernen Welt denkbar schwer. Doch durch das verlockende Angebot einer Liebesnacht sind Erkan und Stefan schnell bereit, ihr mit dem n\u00f6tigen know-how beizustehen, sie zu besch\u00fctzen und Kartan aufzuhalten.<\/span><\/h2>\n<h2 style=\"text-align: justify;\"><span style=\"color: #333333;\">Erkan und Stefan wissen allerdings nicht, wo sie mit der Suche beginnen sollen. Da Tana eine wirre Behauptung \u00fcber einen Ort, an dem die b\u00f6sen Kr\u00e4fte zusammenkommen, abgibt, denken die beiden, dass es sich um das Anti-Aggressions-Training von Fr. Schm\u00e4chtig handelt, woran sie und einige Schwerkriminelle teilnehmen.<\/span><\/h2>\n<h2 style=\"text-align: justify;\"><span style=\"color: #333333;\">Ausgestattet mit dem Auto von Stefans Bruder Horst und verfolgt von zwei Killern des Kultes von Kartan machen sie sich auf den Weg dorthin und stiften dort ein riesiges Chaos an, k\u00f6nnen aber auch so entkommen.<\/span><\/h2>\n<h2 style=\"text-align: justify;\"><span style=\"color: #333333;\">Vor dem Geb\u00e4ude wartet allerdings Kartan, der Erkan, Stefan und Tana angreift. Tana kann sich zwar dem Angriff erwehren und Kartan vorerst ausschalten, doch sie wird von einem Streifschuss am Arm getroffen und bricht zusammen. Erkan und Stefan k\u00f6nnen mit ihr fliehen und sie in Erkans Wohnung medizinisch versorgen. Dort sehen sie aber einen Fernsehbericht \u00fcber das Necronomicon, welches auf dem M\u00fcnchener Marienplatz ausgestellt werden soll. Um Tana zu t\u00f6ten, braucht Kartan das Buch. Deswegen entschlie\u00dfen sich Erkan und Stefan das Buch zu holen, doch um den Hexenmeister zu besiegen, ben\u00f6tigen sie die Macht des Willens, \u00fcber die sie zwar verf\u00fcgen, aber nicht kontrollieren k\u00f6nnen.<\/span><\/h2>\n<h2 style=\"text-align: justify;\"><span style=\"color: #333333;\"> Kartan gelingt es aber Erkan und Stefan zu t\u00e4uschen, in dem er sich als Trixie ausgibt, f\u00fcr die beide schw\u00e4rmen. Mit Tanas Dolch begeben sie sich in eine nahegelegene Discothek, wo sie wie VIP&#8217;s behandelt werden. Als jedoch nur Erkan von Trixie und einer weiteren Frau umgarnt werden, wird Stefan eifers\u00fcchtig und will alleine die Welt retten. Als er den Dolch bekommt fangen Trixie und Freundin, Stefan zu umgarnen, weswegen die beiden anfangen zu streiten.<\/span><\/h2>\n<h2 style=\"text-align: justify;\"><span style=\"color: #333333;\">In all dem Chaos bemerken sie nicht, dass Tana ohne Schutz in Erkans Wohnung zur\u00fcckgelassen wurde, was die Killer von Kartan nutzen, um Tana mit einem Elektroschocker zu bet\u00e4uben und sie zu entf\u00fchren. Erkan und Stefan bemerken dies nach ihrer Vers\u00f6hnung zu sp\u00e4t, wissen aber, wo Tana gefangen gehalten wird. Bewaffnet mit D\u00f6nerspie\u00df und falschem Weihwasser (welches sich als \u00e4tzende S\u00e4ure herausstellen wird) machen sie sich auf zum Marienplatz. Im Hinterkopf haben sie dabei die Ratschl\u00e4ge ihres Gro\u00dfvaters im Kopf, dass sie niemals einen fremden D\u00f6nerspie\u00df benutzen und ehrlich zueinander sein sollen.<\/span><\/h2>\n<h2 style=\"text-align: justify;\"><span style=\"color: #333333;\">Mit viel Gl\u00fcck gelingt es den beiden die W\u00e4chter und die beiden Killer auszuschalten und zu Tana zu gelangen, wo sie auf einem Altar gefesselt auf die Rettung wartet. Doch das Gl\u00fcck endet, als Kartan und der Kult die beiden \u00fcberraschen und ihrerseits gefangen nehmen. Nichts scheint Tana vor ihrem sicheren Tod retten zu k\u00f6nnen, da ihr Leben an Erkan und Stefan h\u00e4ngt. Um den Dolch in Kartans Herz zu sto\u00dfen, m\u00fcssen sie ihren Stolz \u00fcbertrumpfen und zahlreiche Gest\u00e4ndnisse machen, um keine Geheimnisse voreinander zu haben. Dies funktioniert jedoch, sie schaffen es mit der Macht ihres Willens Kartan zu t\u00f6ten, Tana zu befreien und den Kult zu zerschlagen.<\/span><\/h2>\n<h2 style=\"text-align: justify;\"><span style=\"color: #333333;\">Tana ist den beiden sehr dankbar und ist bereit mit Erkan und Stefan eine Liebesnacht zu verbringen. Da sie aber ihren Stolz wieder nicht \u00fcbertrumpfen k\u00f6nnen und jeweils einzeln diese Liebesnacht begehen wollen, kommt es zu einem stundenlangen Streit, bei dem Tana alleine einschl\u00e4ft.<\/span><\/h2>\n<h2 style=\"text-align: justify;\"><span style=\"color: #333333;\"><br \/>\n<strong><span style=\"text-decoration: underline;\">Hintergrund:<\/span><\/strong><\/span><\/h2>\n<h2 style=\"text-align: justify;\"><span style=\"color: #333333;\">Der Film wurde in M\u00fcnchen gedreht. Am 20. Juni 2002 lief er in den Kinos in Deutschland und der Schweiz an, in \u00d6sterreich war er einen Tag sp\u00e4ter zu sehen. Am 19. Mai 2003 wurde der Film bei den Internationalen Filmfestspielen von Cannes gezeigt.<\/span><\/h2>\n<h2 style=\"text-align: justify;\"><span style=\"color: #333333;\">Beim Dreh des Films lernte John Friedmann seine zwischenzeitliche Lebensgef\u00e4hrtin, die Schauspielerin Bettina Zimmermann, kennen.<\/span><\/h2>\n<h2 style=\"text-align: justify;\"><span style=\"color: #333333;\">Der Film enth\u00e4lt diverse Filmzitate, so erinnert die einleitende Entdeckung des Dolches in der Felsenkammer an \u201eIndiana Jones\u201c, das goldene Buch spielt auf Die Mumie an, w\u00e4hrend die Martial-Arts-Szenen, der verwendete Bullet Time-Effekt sowie die virtuelle Realit\u00e4t ein Verweis auf \u201eMatrix\u201c sind.<\/span><\/h2>\n<h2 style=\"text-align: justify;\"><span style=\"color: #333333;\"><br \/>\n<strong><span style=\"text-decoration: underline;\">Kritiken:<\/span><\/strong><\/span><\/h2>\n<h2 style=\"text-align: justify;\"><span style=\"color: #333333;\">In der Internet Movie Database erhielt der Film durchschnittlich gerade mal 3,9 von 10 m\u00f6glichen Punkten. Auf Moviepilot wurde er von den Zuschauern sogar mit nur 2,7 von 10 m\u00f6glichen Punkten bewertet. Mit dieser schlechten Resonanz wurde er bei Moviepilot auf dem vierten Platz der gr\u00f6\u00dften \u201eFlops der 2000er\u201c gef\u00fchrt, lediglich von den Filmen Daniel, der Zauberer, Die Maske 2 und Far Cry unterboten und bei der Liste der \u201e10 schlechtesten deutschen Kom\u00f6dien\u201c auf dem dritten Platz gef\u00fchrt.<\/span><\/h2>\n<h2 style=\"text-align: justify;\"><span style=\"color: #333333;\">Johannes Pietsch von Filmstarts.de konstatiert, dass der Regiedebutant Axel Sand dieses \u201eunvermeidliche Sequel [\u2026] des Debilen-Duetts prompt in Ebenselbigen setzte\u201c. Bettina Zimmermann wird ein \u201eNegativ-Talent\u201c attestiert, auch die Drehbuchautoren, deren \u201egeistigen Befindlichkeit\u201c in Frage gestellt wird, erhalten keine guten Kritiken von Johannes Pietsch. Die \u201eVirtual-Reality-Idee\u201c sei \u201eso ziemlich der einzige gute Kalauer des Films\u201c, der jedoch \u201eals qu\u00e4lend endloser Running Gag abgewickelt wird\u201c. Die \u201epeinlich platte \u00bbMatrix\u00ab-Persiflage\u201c sowie \u201eein reichlich \u00fcberfl\u00fcssiges Cameo von Corinna Harfouch als Therapeutin\u201c runden Pietsch Gesamteindruck ab. Es \u201eschleppt sich dieses qu\u00e4lend witzlose Paradebeispiel humoristischen Untertagebaus von einer fett brontalen Szene-Nullnummer zum n\u00e4chsten Humor-Overkill\u201c, weswegen Pietsch dem Film zwei von f\u00fcnf m\u00f6glichen Punkten vergab.<\/span><\/h2>\n<h2 style=\"text-align: justify;\"><span style=\"color: #333333;\">Die Redaktion des Lexikon des Internationalen Films urteilt, Erkan &amp; Stefan gegen die M\u00e4chte der Finsternis sei ein \u201ezweites Kino-Vehikel der Komiker Erkan und Stefan, dessen Humor sich auf demselben flachen Niveau wie der Erstling bewegt und dessen Inszenierung selbst bei den wenigen halbwegs komischen Gags versagt\u201c.<\/span><\/h2>\n<h2 style=\"text-align: justify;\"><span style=\"color: #333333;\"><br \/>\n<strong><span style=\"text-decoration: underline;\">Auszeichnungen:<\/span><\/strong><\/span><\/h2>\n<h2 style=\"text-align: justify;\"><span style=\"color: #333333;\">2002 wurde Philip Voges als Produzent der besten Kinokom\u00f6die und Bettina Zimmermann als beste Komikerin in einer Nebenrolle mit einer Nominierung f\u00fcr den Deutschen Comedypreis bedacht. 2003 gewann Bettina Zimmermann den New Faces Award.<\/span><\/h2>\n<h2 style=\"text-align: justify;\"><span style=\"color: #333333;\"><a href=\"http:\/\/de.wikipedia.org\/wiki\/Erkan_%26_Stefan_gegen_die_M%C3%A4chte_der_Finsternis\" target=\"_blank\"><span style=\"color: #333333;\"><br \/>\nQuelle: Wikipedia<\/span><\/a><\/span><\/h2>\n<p>&nbsp;<\/p>\n","protected":false},"excerpt":{"rendered":"<p>\u00a0 \u00a0 [imdb id=&#8220;tt0293124&#8243;] Die zwei Tolpatsche Erkan und Stefan arbeiten als Gep\u00e4ck-Loader am Flughafen. Durch &#8222;Zufall&#8220; klauen sie aus einem Koffer einen wertvollen Dolch, dem zur allgemeinen \u00dcberraschung ein echtes Super-Bunny entspringt: Tana (Bettina Zimmermann) ist die H\u00fcterin des guten St\u00fccks, und war seit Jahrtausenden in die Ritualwaffe eingeschlossen. Das ruft nun den Magier Kartan (Leon Boden) auf den<\/p>\n","protected":false},"author":1,"featured_media":83884,"comment_status":"open","ping_status":"closed","sticky":false,"template":"","format":"standard","meta":{"footnotes":""},"categories":[51,7,3475,197,22004,139],"tags":[6623,272562,272563,69152,122994,272564,272565,29578,272566,272567,272568,898,2108,122998,272569,29608,272570,90671,37316,272571,192208,272572,212702,91,272573,272574,212703,212704,6659,126599,2107,39673,6647,272575,272576,208560,272577,272578,272579,72595,2109,60222,117541,40036,272580,6829,132956,272581,2106,110490,18265,272582,272583,272584,192295,79933,212724,272585,2110,72606,67029,40129,13965,208584,272586,272587,29746,212735,13966,272588,112207,272589,272590,13947,185885,212740,272591,90624,272592,258965,272593,228316,1049,123010,29795,43019,29802,157818,272594,272595,212744,212745,272596,272597,110623,78612,79976,29826,272598,2111,258997],"_links":{"self":[{"href":"http:\/\/fdb.fjon.de\/index.php?rest_route=\/wp\/v2\/posts\/30651"}],"collection":[{"href":"http:\/\/fdb.fjon.de\/index.php?rest_route=\/wp\/v2\/posts"}],"about":[{"href":"http:\/\/fdb.fjon.de\/index.php?rest_route=\/wp\/v2\/types\/post"}],"author":[{"embeddable":true,"href":"http:\/\/fdb.fjon.de\/index.php?rest_route=\/wp\/v2\/users\/1"}],"replies":[{"embeddable":true,"href":"http:\/\/fdb.fjon.de\/index.php?rest_route=%2Fwp%2Fv2%2Fcomments&post=30651"}],"version-history":[{"count":0,"href":"http:\/\/fdb.fjon.de\/index.php?rest_route=\/wp\/v2\/posts\/30651\/revisions"}],"wp:featuredmedia":[{"embeddable":true,"href":"http:\/\/fdb.fjon.de\/index.php?rest_route=\/wp\/v2\/media\/83884"}],"wp:attachment":[{"href":"http:\/\/fdb.fjon.de\/index.php?rest_route=%2Fwp%2Fv2%2Fmedia&parent=30651"}],"wp:term":[{"taxonomy":"category","embeddable":true,"href":"http:\/\/fdb.fjon.de\/index.php?rest_route=%2Fwp%2Fv2%2Fcategories&post=30651"},{"taxonomy":"post_tag","embeddable":true,"href":"http:\/\/fdb.fjon.de\/index.php?rest_route=%2Fwp%2Fv2%2Ftags&post=30651"}],"curies":[{"name":"wp","href":"https:\/\/api.w.org\/{rel}","templated":true}]}}