{"id":29313,"date":"2014-07-24T07:58:12","date_gmt":"2014-07-24T05:58:12","guid":{"rendered":"http:\/\/fdb.fjon.de\/?p=29313"},"modified":"2016-07-21T10:01:14","modified_gmt":"2016-07-21T08:01:14","slug":"van-veeteren-das-vierte-opfer-2005","status":"publish","type":"post","link":"http:\/\/fdb.fjon.de\/?p=29313","title":{"rendered":"Van Veeteren &#8211; Das vierte Opfer (2005) &#8211; [TV-FILM] &#8211; [UNCUT]"},"content":{"rendered":"<table style=\"border-color: #e6e6e6; width: 100%; background-color: #e6e6e6;\" border=\"rgb(240, 240, 240)\">\n<tbody>\n<tr>\n<td style=\"width: 100%; height: 10px; border-color: #e6e6e6; vertical-align: middle; background-color: #e6e6e6;\"><\/td>\n<\/tr>\n<tr>\n<td style=\"width: 100%; height: 100%; border-color: #e6e6e6; vertical-align: middle; background-color: #e6e6e6;\"><a href=\"?page_id=52278\"><img loading=\"lazy\" decoding=\"async\" class=\"alignnone wp-image-55014\" src=\"http:\/\/fdb.fjon.de\/wp-content\/uploads\/2015\/06\/flagge-schweden.gif\" alt=\"flagge-schweden\" width=\"83\" height=\"50\" \/><\/a>\u00a0<a href=\"?page_id=49859\"><img loading=\"lazy\" decoding=\"async\" class=\"alignnone wp-image-54688\" src=\"http:\/\/fdb.fjon.de\/wp-content\/uploads\/2015\/06\/disi.jpg\" alt=\"_disi\" width=\"50\" height=\"50\" srcset=\"http:\/\/fdb.fjon.de\/wp-content\/uploads\/2015\/06\/disi.jpg 600w, http:\/\/fdb.fjon.de\/wp-content\/uploads\/2015\/06\/disi-150x150.jpg 150w, http:\/\/fdb.fjon.de\/wp-content\/uploads\/2015\/06\/disi-300x300.jpg 300w, http:\/\/fdb.fjon.de\/wp-content\/uploads\/2015\/06\/disi-90x90.jpg 90w, http:\/\/fdb.fjon.de\/wp-content\/uploads\/2015\/06\/disi-75x75.jpg 75w\" sizes=\"(max-width: 50px) 100vw, 50px\" \/> <\/a><a href=\"?page_id=47027\"><img loading=\"lazy\" decoding=\"async\" class=\"alignnone wp-image-54693\" src=\"http:\/\/fdb.fjon.de\/wp-content\/uploads\/2015\/06\/fsk16.jpg\" alt=\"_fsk16\" width=\"50\" height=\"50\" srcset=\"http:\/\/fdb.fjon.de\/wp-content\/uploads\/2015\/06\/fsk16.jpg 600w, http:\/\/fdb.fjon.de\/wp-content\/uploads\/2015\/06\/fsk16-150x150.jpg 150w, http:\/\/fdb.fjon.de\/wp-content\/uploads\/2015\/06\/fsk16-300x300.jpg 300w, http:\/\/fdb.fjon.de\/wp-content\/uploads\/2015\/06\/fsk16-90x90.jpg 90w, http:\/\/fdb.fjon.de\/wp-content\/uploads\/2015\/06\/fsk16-75x75.jpg 75w, http:\/\/fdb.fjon.de\/wp-content\/uploads\/2015\/06\/fsk16-120x120.jpg 120w\" sizes=\"(max-width: 50px) 100vw, 50px\" \/><\/a>\u00a0<a href=\"?page_id=50430\"><img loading=\"lazy\" decoding=\"async\" class=\"alignnone wp-image-54700\" src=\"http:\/\/fdb.fjon.de\/wp-content\/uploads\/2015\/06\/uncut.jpg\" alt=\"_uncut\" width=\"50\" height=\"50\" srcset=\"http:\/\/fdb.fjon.de\/wp-content\/uploads\/2015\/06\/uncut.jpg 600w, http:\/\/fdb.fjon.de\/wp-content\/uploads\/2015\/06\/uncut-150x150.jpg 150w, http:\/\/fdb.fjon.de\/wp-content\/uploads\/2015\/06\/uncut-300x300.jpg 300w, http:\/\/fdb.fjon.de\/wp-content\/uploads\/2015\/06\/uncut-90x90.jpg 90w, http:\/\/fdb.fjon.de\/wp-content\/uploads\/2015\/06\/uncut-75x75.jpg 75w, http:\/\/fdb.fjon.de\/wp-content\/uploads\/2015\/06\/uncut-120x120.jpg 120w\" sizes=\"(max-width: 50px) 100vw, 50px\" \/><\/a><\/td>\n<\/tr>\n<tr>\n<td style=\"width: 100%; height: 5px; border-color: #e6e6e6; vertical-align: middle; background-color: #e6e6e6;\"><\/td>\n<\/tr>\n<\/tbody>\n<\/table>\n<p style=\"text-align: center;\">[imdb id=&#8220;tt0816445&#8243;]<\/p>\n<table id=\"table1\" style=\"width: 100%; border-color: #e6e6e6; background-color: #f0f0f0;\" border=\"0\">\n<tbody>\n<tr>\n<td style=\"width: 50%; vertical-align: top;\" align=\"justify\" valign=\"top\" width=\"320\"><img decoding=\"async\" style=\"border: 0px;\" src=\"https:\/\/gfx.videobuster.de\/archive\/resized\/h550\/2008\/03\/image\/jpeg\/e266ba712f882df9fd5627134c29f53a.jpg?title=van-veeteren-das-vierte-opfer&amp;k=DVD+online+leihen+download+cover\" alt=\"\" width=\"100%\" height=\"447\" border=\"0\" \/><\/td>\n<td style=\"width: 50%; vertical-align: top;\" align=\"justify\" valign=\"top\" width=\"320\">Der frisch pensionierte Kommissar Van Veeteren beginnt gerade seinen Ruhestand zu geniesen, als ein Mord mit einer enthaupteten Leiche das Revier der Hafenstadt Maardam in Aufruhr versetzt. Das Ermittlerteam M\u00fcnster und Moreno wird auf den Fall angesetzt, kann jedoch zun\u00e4chst keine hei\u00dfe Spur finden.<\/td>\n<\/tr>\n<\/tbody>\n<\/table>\n<h2 style=\"text-align: center;\"><span style=\"font-family: Verdana; font-size: x-large;\"><!--more--><\/span><\/h2>\n<p style=\"text-align: center;\"><img decoding=\"async\" src=\"https:\/\/gfx.videobuster.de\/archive\/resized\/h550\/2008\/03\/image\/jpeg\/e266ba712f882df9fd5627134c29f53a.jpg?title=van-veeteren-das-vierte-opfer&amp;k=DVD+online+leihen+download+cover\" alt=\"\" width=\"100%\" height=\"894\" border=\"0\" \/><\/p>\n<p style=\"text-align: center;\"><iframe loading=\"lazy\" src=\"\/\/www.youtube.com\/embed\/ErG1StJC8GY\" width=\"100%\" height=\"420\" frameborder=\"0\" allowfullscreen=\"allowfullscreen\"><\/iframe><\/p>\n<h2 style=\"text-align: justify;\"><span style=\"color: #333333;\"><br \/>\n<strong><span style=\"text-decoration: underline;\">Inhalt:<\/span><\/strong><\/span><\/h2>\n<h2 style=\"text-align: justify;\"><span style=\"color: #333333;\">Der frisch pensionierte Kommissar Van Veeteren beginnt gerade seinen Ruhestand zu geniesen, als ein Mord mit einer enthaupteten Leiche das Revier der Hafenstadt Maardam in Aufruhr versetzt. Das Ermittlerteam M\u00fcnster und Moreno wird auf den Fall angesetzt, kann jedoch zun\u00e4chst keine hei\u00dfe Spur finden.<\/span><\/h2>\n<h2 style=\"text-align: justify;\"><span style=\"color: #333333;\">W\u00e4hrend seine Ex-Kollegen ermitteln, ist Van Veeteren zusammen mit seinem Sohn Erik, der auf Hafturlaub ist, auf dem Weg in die Ferien. Am Urlaubsort angekommen trifft Van Veeteren nicht nur auf seinen alten Freund und Kollegen Bausen sondern auch auf eine weitere enthauptete Leiche. Da muss der Ruhestand dann doch noch etwas warten&#8230;<\/span><\/h2>\n<p>&nbsp;<\/p>\n","protected":false},"excerpt":{"rendered":"<p>\u00a0 \u00a0 [imdb id=&#8220;tt0816445&#8243;] Der frisch pensionierte Kommissar Van Veeteren beginnt gerade seinen Ruhestand zu geniesen, als ein Mord mit einer enthaupteten Leiche das Revier der Hafenstadt Maardam in Aufruhr versetzt. Das Ermittlerteam M\u00fcnster und Moreno wird auf den Fall angesetzt, kann jedoch zun\u00e4chst keine hei\u00dfe Spur finden.<\/p>\n","protected":false},"author":1,"featured_media":0,"comment_status":"open","ping_status":"closed","sticky":false,"template":"","format":"standard","meta":{"footnotes":""},"categories":[45,3475,5708,197,5716,138,21,5714,5705,1372,377,22021],"tags":[6617,91,117,6659,178,6646,1765,87,107,6737,6688],"_links":{"self":[{"href":"http:\/\/fdb.fjon.de\/index.php?rest_route=\/wp\/v2\/posts\/29313"}],"collection":[{"href":"http:\/\/fdb.fjon.de\/index.php?rest_route=\/wp\/v2\/posts"}],"about":[{"href":"http:\/\/fdb.fjon.de\/index.php?rest_route=\/wp\/v2\/types\/post"}],"author":[{"embeddable":true,"href":"http:\/\/fdb.fjon.de\/index.php?rest_route=\/wp\/v2\/users\/1"}],"replies":[{"embeddable":true,"href":"http:\/\/fdb.fjon.de\/index.php?rest_route=%2Fwp%2Fv2%2Fcomments&post=29313"}],"version-history":[{"count":0,"href":"http:\/\/fdb.fjon.de\/index.php?rest_route=\/wp\/v2\/posts\/29313\/revisions"}],"wp:attachment":[{"href":"http:\/\/fdb.fjon.de\/index.php?rest_route=%2Fwp%2Fv2%2Fmedia&parent=29313"}],"wp:term":[{"taxonomy":"category","embeddable":true,"href":"http:\/\/fdb.fjon.de\/index.php?rest_route=%2Fwp%2Fv2%2Fcategories&post=29313"},{"taxonomy":"post_tag","embeddable":true,"href":"http:\/\/fdb.fjon.de\/index.php?rest_route=%2Fwp%2Fv2%2Ftags&post=29313"}],"curies":[{"name":"wp","href":"https:\/\/api.w.org\/{rel}","templated":true}]}}