{"id":24329,"date":"2014-05-13T06:49:42","date_gmt":"2014-05-13T04:49:42","guid":{"rendered":"http:\/\/fdb.fjon.de\/?p=24329"},"modified":"2017-10-24T06:36:52","modified_gmt":"2017-10-24T04:36:52","slug":"identity-report-der-feind-in-meinem-kopf-2011-uncut","status":"publish","type":"post","link":"http:\/\/fdb.fjon.de\/?p=24329","title":{"rendered":"Identity Report &#8211; Der Feind in meinem Kopf (Pig) (2011) &#8211; [UNCUT]"},"content":{"rendered":"<table style=\"border-color: #e6e6e6; width: 100%; background-color: #e6e6e6;\" border=\"rgb(240, 240, 240)\">\n<tbody>\n<tr>\n<td style=\"width: 100%; height: 10px; border-color: #e6e6e6; vertical-align: middle; background-color: #e6e6e6;\"><\/td>\n<\/tr>\n<tr>\n<td style=\"width: 100%; height: 100%; border-color: #e6e6e6; vertical-align: middle; background-color: #e6e6e6;\"><a href=\"?page_id=51756\"><img loading=\"lazy\" decoding=\"async\" class=\"alignnone wp-image-54945\" src=\"http:\/\/fdb.fjon.de\/wp-content\/uploads\/2015\/06\/flagge-vereinigte-staaten-von-amerika-usa.gif\" alt=\"flagge-vereinigte-staaten-von-amerika-usa\" width=\"75\" height=\"50\" \/><\/a>\u00a0<a href=\"?page_id=49859\"><img loading=\"lazy\" decoding=\"async\" class=\"alignnone wp-image-54688\" src=\"http:\/\/fdb.fjon.de\/wp-content\/uploads\/2015\/06\/disi.jpg\" alt=\"_disi\" width=\"50\" height=\"50\" srcset=\"http:\/\/fdb.fjon.de\/wp-content\/uploads\/2015\/06\/disi.jpg 600w, http:\/\/fdb.fjon.de\/wp-content\/uploads\/2015\/06\/disi-150x150.jpg 150w, http:\/\/fdb.fjon.de\/wp-content\/uploads\/2015\/06\/disi-300x300.jpg 300w, http:\/\/fdb.fjon.de\/wp-content\/uploads\/2015\/06\/disi-90x90.jpg 90w, http:\/\/fdb.fjon.de\/wp-content\/uploads\/2015\/06\/disi-75x75.jpg 75w\" sizes=\"(max-width: 50px) 100vw, 50px\" \/> <\/a><a href=\"?page_id=47025\"><img loading=\"lazy\" decoding=\"async\" class=\"alignnone wp-image-54692\" src=\"http:\/\/fdb.fjon.de\/wp-content\/uploads\/2015\/06\/fsk12.jpg\" alt=\"_fsk12\" width=\"50\" height=\"50\" srcset=\"http:\/\/fdb.fjon.de\/wp-content\/uploads\/2015\/06\/fsk12.jpg 600w, http:\/\/fdb.fjon.de\/wp-content\/uploads\/2015\/06\/fsk12-150x150.jpg 150w, http:\/\/fdb.fjon.de\/wp-content\/uploads\/2015\/06\/fsk12-300x300.jpg 300w, http:\/\/fdb.fjon.de\/wp-content\/uploads\/2015\/06\/fsk12-90x90.jpg 90w, http:\/\/fdb.fjon.de\/wp-content\/uploads\/2015\/06\/fsk12-75x75.jpg 75w, http:\/\/fdb.fjon.de\/wp-content\/uploads\/2015\/06\/fsk12-120x120.jpg 120w\" sizes=\"(max-width: 50px) 100vw, 50px\" \/><\/a>\u00a0<a href=\"?page_id=50430\"><img loading=\"lazy\" decoding=\"async\" class=\"alignnone wp-image-54700\" src=\"http:\/\/fdb.fjon.de\/wp-content\/uploads\/2015\/06\/uncut.jpg\" alt=\"_uncut\" width=\"50\" height=\"50\" srcset=\"http:\/\/fdb.fjon.de\/wp-content\/uploads\/2015\/06\/uncut.jpg 600w, http:\/\/fdb.fjon.de\/wp-content\/uploads\/2015\/06\/uncut-150x150.jpg 150w, http:\/\/fdb.fjon.de\/wp-content\/uploads\/2015\/06\/uncut-300x300.jpg 300w, http:\/\/fdb.fjon.de\/wp-content\/uploads\/2015\/06\/uncut-90x90.jpg 90w, http:\/\/fdb.fjon.de\/wp-content\/uploads\/2015\/06\/uncut-75x75.jpg 75w, http:\/\/fdb.fjon.de\/wp-content\/uploads\/2015\/06\/uncut-120x120.jpg 120w\" sizes=\"(max-width: 50px) 100vw, 50px\" \/><\/a><a href=\"?page_id=50430\">\u00a0<\/a><a href=\"http:\/\/www.schnittberichte.com\/svds.php?Page=Titel&amp;ID=27290\" target=\"_blank\"><img loading=\"lazy\" decoding=\"async\" class=\"alignnone wp-image-54702\" src=\"http:\/\/fdb.fjon.de\/wp-content\/uploads\/2015\/06\/sbcom.jpg\" alt=\"_sbcom\" width=\"50\" height=\"50\" srcset=\"http:\/\/fdb.fjon.de\/wp-content\/uploads\/2015\/06\/sbcom.jpg 600w, http:\/\/fdb.fjon.de\/wp-content\/uploads\/2015\/06\/sbcom-150x150.jpg 150w, http:\/\/fdb.fjon.de\/wp-content\/uploads\/2015\/06\/sbcom-300x300.jpg 300w, http:\/\/fdb.fjon.de\/wp-content\/uploads\/2015\/06\/sbcom-250x250.jpg 250w, http:\/\/fdb.fjon.de\/wp-content\/uploads\/2015\/06\/sbcom-90x90.jpg 90w, http:\/\/fdb.fjon.de\/wp-content\/uploads\/2015\/06\/sbcom-75x75.jpg 75w\" sizes=\"(max-width: 50px) 100vw, 50px\" \/><\/a><\/td>\n<\/tr>\n<tr>\n<td style=\"width: 100%; height: 5px; border-color: #e6e6e6; vertical-align: middle; background-color: #e6e6e6;\"><\/td>\n<\/tr>\n<\/tbody>\n<\/table>\n<p style=\"text-align: center;\">[imdb id=&#8220;tt1262414&#8243;]<\/p>\n<table id=\"table1\" style=\"width: 100%; border-color: #e6e6e6; background-color: #f0f0f0;\" border=\"0\">\n<tbody>\n<tr>\n<td style=\"width: 50%; vertical-align: top;\" align=\"justify\" valign=\"top\" width=\"320\"><img decoding=\"async\" style=\"border: 0px;\" src=\"http:\/\/www.moviepilot.de\/files\/images\/movie\/file\/10985985\/Identity_Report_-_Der_Feind_in_meinem_Kopf_DVD.jpg\" alt=\"\" width=\"100%\" height=\"447\" border=\"0\" \/><\/td>\n<td style=\"width: 50%; vertical-align: top;\" align=\"justify\" valign=\"top\" width=\"320\">Ein Mann (Rudolf Martin) wacht mutterseelenallein mitten in der W\u00fcste auf. \u00dcber seinem Kopf befindet sich ein schwarzer Sack und seine H\u00e4nde sind hinter seinem R\u00fccken zusammengebunden. Als er schon keine Hoffnung mehr hat, lebend aus der W\u00fcste zu entkommen, wird er von einer Einheimischen gefunden, die ihn aufnimmt, pflegt und zur\u00fcck zu alter St\u00e4rke bringt. Als er wieder bei vollem Bewusstsein ist, muss der Mann feststellen, dass er unter Amnesie leidet und keine Ahnung hat, wer oder wo er ist. Sein einziger Anhaltspunkt ist ein kleiner Zettel, auf dem der Name \u201eManny Elder\u201c geschrieben steht.<\/td>\n<\/tr>\n<\/tbody>\n<\/table>\n<h2 style=\"text-align: center;\"><span style=\"font-family: Verdana; font-size: x-large;\"><!--more--><\/span><\/h2>\n<p style=\"text-align: center;\"><img decoding=\"async\" src=\"http:\/\/www.moviepilot.de\/files\/images\/movie\/file\/10985985\/Identity_Report_-_Der_Feind_in_meinem_Kopf_DVD.jpg\" alt=\"\" width=\"100%\" height=\"893\" border=\"0\" \/><\/p>\n<p id=\"blogvision\" style=\"text-align: center;\"><iframe loading=\"lazy\" style=\"width: 100%; height: 420px;\" src=\"http:\/\/www.filmstarts.de\/_video\/iblogvision.aspx?cmedia=19536718\" width=\"320\" height=\"240\" frameborder=\"0\"><\/iframe><\/p>\n<p style=\"text-align: center;\"><iframe loading=\"lazy\" src=\"\/\/www.youtube.com\/embed\/rfb6chpN7zs\" width=\"100%\" height=\"420\" frameborder=\"0\" allowfullscreen=\"allowfullscreen\"><\/iframe><\/p>\n<h2 style=\"text-align: justify;\"><span style=\"color: #333333;\"><br \/>\n<strong><span style=\"text-decoration: underline;\">Inhaltsangabe &amp; Details:<\/span><\/strong><\/span><\/h2>\n<h2 style=\"text-align: justify;\"><span style=\"color: #333333;\">Ein Mann (Rudolf Martin) wacht mutterseelenallein mitten in der W\u00fcste auf. \u00dcber seinem Kopf befindet sich ein schwarzer Sack und seine H\u00e4nde sind hinter seinem R\u00fccken zusammengebunden. Als er schon keine Hoffnung mehr hat, lebend aus der W\u00fcste zu entkommen, wird er von einer Einheimischen gefunden, die ihn aufnimmt, pflegt und zur\u00fcck zu alter St\u00e4rke bringt. Als er wieder bei vollem Bewusstsein ist, muss der Mann feststellen, dass er unter Amnesie leidet und keine Ahnung hat, wer oder wo er ist. Sein einziger Anhaltspunkt ist ein kleiner Zettel, auf dem der Name \u201eManny Elder\u201c geschrieben steht. So reist er nach Los Angeles und begibt sich auf die Suche nach der mysteri\u00f6sen Person auf seinem Zettel und muss feststellen, dass die Dinge noch weitaus komplizierter sind, als er es geahnt hatte.<\/span><\/h2>\n<h2 style=\"text-align: justify;\"><span style=\"color: #333333;\"><a href=\"http:\/\/www.filmstarts.de\/kritiken\/226470.html\" target=\"_blank\"><span style=\"color: #333333;\">Quelle: Filmstarts<\/span><\/a><\/span><\/h2>\n<p>&nbsp;<\/p>\n","protected":false},"excerpt":{"rendered":"<p>\u00a0 \u00a0\u00a0 [imdb id=&#8220;tt1262414&#8243;] Ein Mann (Rudolf Martin) wacht mutterseelenallein mitten in der W\u00fcste auf. \u00dcber seinem Kopf befindet sich ein schwarzer Sack und seine H\u00e4nde sind hinter seinem R\u00fccken zusammengebunden. Als er schon keine Hoffnung mehr hat, lebend aus der W\u00fcste zu entkommen, wird er von einer Einheimischen gefunden, die ihn aufnimmt, pflegt und zur\u00fcck zu alter St\u00e4rke bringt.<\/p>\n","protected":false},"author":1,"featured_media":83441,"comment_status":"open","ping_status":"closed","sticky":false,"template":"","format":"standard","meta":{"footnotes":""},"categories":[38,9,197,139,22008,30,12,6,377,3483],"tags":[6610,212586,212587,212588,212589,212590,212591,212592,185022,212593,212594,11047,205338,1398,212595,212596,212597,212598,121974,212599,6659,122420,6647,212600,6350,161961,6349,38928,212601,212602,33327,31998,34445,212603,212604,174125,212605,212606,212607,6351,162094,212608,212609,212610,212611,212612,9703,212613,86787,212614,212615,209620,212616,212617,70001,212618,111467,3493,212619,11060,91723,212620,212621,212622,6688,88,212623,212624],"_links":{"self":[{"href":"http:\/\/fdb.fjon.de\/index.php?rest_route=\/wp\/v2\/posts\/24329"}],"collection":[{"href":"http:\/\/fdb.fjon.de\/index.php?rest_route=\/wp\/v2\/posts"}],"about":[{"href":"http:\/\/fdb.fjon.de\/index.php?rest_route=\/wp\/v2\/types\/post"}],"author":[{"embeddable":true,"href":"http:\/\/fdb.fjon.de\/index.php?rest_route=\/wp\/v2\/users\/1"}],"replies":[{"embeddable":true,"href":"http:\/\/fdb.fjon.de\/index.php?rest_route=%2Fwp%2Fv2%2Fcomments&post=24329"}],"version-history":[{"count":0,"href":"http:\/\/fdb.fjon.de\/index.php?rest_route=\/wp\/v2\/posts\/24329\/revisions"}],"wp:featuredmedia":[{"embeddable":true,"href":"http:\/\/fdb.fjon.de\/index.php?rest_route=\/wp\/v2\/media\/83441"}],"wp:attachment":[{"href":"http:\/\/fdb.fjon.de\/index.php?rest_route=%2Fwp%2Fv2%2Fmedia&parent=24329"}],"wp:term":[{"taxonomy":"category","embeddable":true,"href":"http:\/\/fdb.fjon.de\/index.php?rest_route=%2Fwp%2Fv2%2Fcategories&post=24329"},{"taxonomy":"post_tag","embeddable":true,"href":"http:\/\/fdb.fjon.de\/index.php?rest_route=%2Fwp%2Fv2%2Ftags&post=24329"}],"curies":[{"name":"wp","href":"https:\/\/api.w.org\/{rel}","templated":true}]}}