{"id":23807,"date":"2014-04-28T10:36:16","date_gmt":"2014-04-28T08:36:16","guid":{"rendered":"http:\/\/fdb.fjon.de\/?p=23807"},"modified":"2017-10-26T08:39:11","modified_gmt":"2017-10-26T06:39:11","slug":"zeit-der-rache-im-namen-des-vaters-skills-2010","status":"publish","type":"post","link":"http:\/\/fdb.fjon.de\/?p=23807","title":{"rendered":"Zeit der Rache &#8211; Im Namen des Vaters (Skills) (2010) &#8211; [UNCUT]"},"content":{"rendered":"<table style=\"border-color: #e6e6e6; width: 100%; background-color: #e6e6e6;\" border=\"rgb(240, 240, 240)\">\n<tbody>\n<tr>\n<td style=\"width: 100%; height: 10px; border-color: #e6e6e6; vertical-align: middle; background-color: #e6e6e6;\"><\/td>\n<\/tr>\n<tr>\n<td style=\"width: 100%; height: 100%; border-color: #e6e6e6; vertical-align: middle; background-color: #e6e6e6;\"><a href=\"?page_id=52278\"><img loading=\"lazy\" decoding=\"async\" class=\"alignnone wp-image-55014\" src=\"http:\/\/fdb.fjon.de\/wp-content\/uploads\/2015\/06\/flagge-schweden.gif\" alt=\"flagge-schweden\" width=\"83\" height=\"50\" \/><\/a>\u00a0<a href=\"?page_id=49859\"><img loading=\"lazy\" decoding=\"async\" class=\"alignnone wp-image-54688\" src=\"http:\/\/fdb.fjon.de\/wp-content\/uploads\/2015\/06\/disi.jpg\" alt=\"_disi\" width=\"50\" height=\"50\" srcset=\"http:\/\/fdb.fjon.de\/wp-content\/uploads\/2015\/06\/disi.jpg 600w, http:\/\/fdb.fjon.de\/wp-content\/uploads\/2015\/06\/disi-150x150.jpg 150w, http:\/\/fdb.fjon.de\/wp-content\/uploads\/2015\/06\/disi-300x300.jpg 300w, http:\/\/fdb.fjon.de\/wp-content\/uploads\/2015\/06\/disi-90x90.jpg 90w, http:\/\/fdb.fjon.de\/wp-content\/uploads\/2015\/06\/disi-75x75.jpg 75w\" sizes=\"(max-width: 50px) 100vw, 50px\" \/> <\/a><a href=\"?page_id=47027\"><img loading=\"lazy\" decoding=\"async\" class=\"alignnone wp-image-54693\" src=\"http:\/\/fdb.fjon.de\/wp-content\/uploads\/2015\/06\/fsk16.jpg\" alt=\"_fsk16\" width=\"50\" height=\"50\" srcset=\"http:\/\/fdb.fjon.de\/wp-content\/uploads\/2015\/06\/fsk16.jpg 600w, http:\/\/fdb.fjon.de\/wp-content\/uploads\/2015\/06\/fsk16-150x150.jpg 150w, http:\/\/fdb.fjon.de\/wp-content\/uploads\/2015\/06\/fsk16-300x300.jpg 300w, http:\/\/fdb.fjon.de\/wp-content\/uploads\/2015\/06\/fsk16-90x90.jpg 90w, http:\/\/fdb.fjon.de\/wp-content\/uploads\/2015\/06\/fsk16-75x75.jpg 75w, http:\/\/fdb.fjon.de\/wp-content\/uploads\/2015\/06\/fsk16-120x120.jpg 120w\" sizes=\"(max-width: 50px) 100vw, 50px\" \/><\/a>\u00a0<a href=\"?page_id=50430\"><img loading=\"lazy\" decoding=\"async\" class=\"alignnone wp-image-54700\" src=\"http:\/\/fdb.fjon.de\/wp-content\/uploads\/2015\/06\/uncut.jpg\" alt=\"_uncut\" width=\"50\" height=\"50\" srcset=\"http:\/\/fdb.fjon.de\/wp-content\/uploads\/2015\/06\/uncut.jpg 600w, http:\/\/fdb.fjon.de\/wp-content\/uploads\/2015\/06\/uncut-150x150.jpg 150w, http:\/\/fdb.fjon.de\/wp-content\/uploads\/2015\/06\/uncut-300x300.jpg 300w, http:\/\/fdb.fjon.de\/wp-content\/uploads\/2015\/06\/uncut-90x90.jpg 90w, http:\/\/fdb.fjon.de\/wp-content\/uploads\/2015\/06\/uncut-75x75.jpg 75w, http:\/\/fdb.fjon.de\/wp-content\/uploads\/2015\/06\/uncut-120x120.jpg 120w\" sizes=\"(max-width: 50px) 100vw, 50px\" \/><\/a><a href=\"?page_id=50430\">\u00a0<\/a><a href=\"http:\/\/www.schnittberichte.com\/svds.php?Page=Titel&amp;ID=10061\" target=\"_blank\"><img loading=\"lazy\" decoding=\"async\" class=\"alignnone wp-image-54702\" src=\"http:\/\/fdb.fjon.de\/wp-content\/uploads\/2015\/06\/sbcom.jpg\" alt=\"_sbcom\" width=\"50\" height=\"50\" srcset=\"http:\/\/fdb.fjon.de\/wp-content\/uploads\/2015\/06\/sbcom.jpg 600w, http:\/\/fdb.fjon.de\/wp-content\/uploads\/2015\/06\/sbcom-150x150.jpg 150w, http:\/\/fdb.fjon.de\/wp-content\/uploads\/2015\/06\/sbcom-300x300.jpg 300w, http:\/\/fdb.fjon.de\/wp-content\/uploads\/2015\/06\/sbcom-250x250.jpg 250w, http:\/\/fdb.fjon.de\/wp-content\/uploads\/2015\/06\/sbcom-90x90.jpg 90w, http:\/\/fdb.fjon.de\/wp-content\/uploads\/2015\/06\/sbcom-75x75.jpg 75w\" sizes=\"(max-width: 50px) 100vw, 50px\" \/><\/a><\/td>\n<\/tr>\n<tr>\n<td style=\"width: 100%; height: 5px; border-color: #e6e6e6; vertical-align: middle; background-color: #e6e6e6;\"><\/td>\n<\/tr>\n<\/tbody>\n<\/table>\n<p style=\"text-align: center;\">[imdb id=&#8220;tt1836137&#8243;]<\/p>\n<table id=\"table1\" style=\"width: 100%; border-color: #e6e6e6; background-color: #f0f0f0;\" border=\"0\">\n<tbody>\n<tr>\n<td style=\"width: 50%; vertical-align: top;\" align=\"justify\" valign=\"top\" width=\"320\"><img decoding=\"async\" style=\"border: 0px;\" src=\"http:\/\/www.moviepilot.de\/files\/images\/0888\/0782\/zeit-der-rache-im-namen-des-vaters-cover.jpg\" alt=\"\" width=\"100%\" height=\"448\" border=\"0\" \/><\/td>\n<td style=\"width: 50%; vertical-align: top;\" align=\"justify\" valign=\"top\" width=\"320\">Kelvin (Marcus Gustafsson) ist eigentlich ein ganz normaler Jugendlicher; bis auf die Tatsache, dass er sich gerne mit Parcours durch die Stadt bewegt. Bei dieser besonderen Form der Sportart \u00fcberwindet er Hindernisse wie einen Zaun oder Treppengel\u00e4nder auf m\u00f6glichst spektakul\u00e4re Art und Weise. Kelvin ist einer der besten Parcours-L\u00e4ufer, die es gibt. Als sein Vater, ein \u00f6rtlicher Detective (Peter Andersson), eines Tages angeschossen wird, im Krankenhaus im Koma liegt und Gefahr l\u00e4uft, zu sterben, entschlie\u00dft sich Kelvin, den T\u00e4ter selbst ausfindig zu machen.<\/td>\n<\/tr>\n<\/tbody>\n<\/table>\n<h2 style=\"text-align: center;\"><span style=\"font-family: Verdana; font-size: x-large;\"><!--more--><\/span><\/h2>\n<p style=\"text-align: center;\"><img decoding=\"async\" src=\"http:\/\/www.moviepilot.de\/files\/images\/0888\/0782\/zeit-der-rache-im-namen-des-vaters-cover.jpg\" alt=\"\" width=\"100%\" height=\"895\" border=\"0\" \/><\/p>\n<p id=\"blogvision\" style=\"text-align: center;\"><iframe loading=\"lazy\" style=\"width: 100%; height: 420px;\" src=\"http:\/\/www.filmstarts.de\/_video\/iblogvision.aspx?cmedia=19406867\" width=\"320\" height=\"240\" frameborder=\"0\"><\/iframe><a href=\"http:\/\/www.filmstarts.de\/kritiken\/203421\/trailer\/19406867.html\"><\/p>\n<p style=\"text-align: center;\"><iframe loading=\"lazy\" src=\"\/\/www.youtube.com\/embed\/zjWZOXVxvFg\" width=\"100%\" height=\"420\" frameborder=\"0\" allowfullscreen=\"allowfullscreen\"><\/iframe><\/p>\n<h2 style=\"text-align: justify;\"><span style=\"color: #333333;\"><br \/>\n<strong><span style=\"text-decoration: underline;\">Inhaltsangabe &amp; Details:<\/span><\/strong><\/span><\/h2>\n<h2 style=\"text-align: justify;\"><span style=\"color: #333333;\">Kelvin (Marcus Gustafsson) ist eigentlich ein ganz normaler Jugendlicher; bis auf die Tatsache, dass er sich gerne mit Parcours durch die Stadt bewegt. Bei dieser besonderen Form der Sportart \u00fcberwindet er Hindernisse wie einen Zaun oder Treppengel\u00e4nder auf m\u00f6glichst spektakul\u00e4re Art und Weise. Kelvin ist einer der besten Parcours-L\u00e4ufer, die es gibt. Als sein Vater, ein \u00f6rtlicher Detective (Peter Andersson), eines Tages angeschossen wird, im Krankenhaus im Koma liegt und Gefahr l\u00e4uft, zu sterben, entschlie\u00dft sich Kelvin, den T\u00e4ter selbst ausfindig zu machen. Dabei benutzt er seine au\u00dfergew\u00f6hnlichen F\u00e4higkeiten zu seinem Vorteil. Bald schon st\u00f6\u00dft er bei seiner Suche auf Widerstand und entschlie\u00dft sich, seine F\u00e4higkeiten nicht mehr nur zur \u00dcberwindung von Gegenst\u00e4nden einzusetzen.<\/span><\/h2>\n<h2 style=\"text-align: justify;\"><span style=\"color: #333333;\"><a href=\"http:\/\/www.filmstarts.de\/kritiken\/203421.html\" target=\"_blank\"><span style=\"color: #333333;\"><br \/>\nQuelle: Filmstarts<\/span><\/a><\/span><\/h2>\n<p>&nbsp;<\/p>\n","protected":false},"excerpt":{"rendered":"<p>\u00a0 \u00a0\u00a0 [imdb id=&#8220;tt1836137&#8243;] Kelvin (Marcus Gustafsson) ist eigentlich ein ganz normaler Jugendlicher; bis auf die Tatsache, dass er sich gerne mit Parcours durch die Stadt bewegt. Bei dieser besonderen Form der Sportart \u00fcberwindet er Hindernisse wie einen Zaun oder Treppengel\u00e4nder auf m\u00f6glichst spektakul\u00e4re Art und Weise. Kelvin ist einer der besten Parcours-L\u00e4ufer, die es gibt. Als sein Vater, ein<\/p>\n","protected":false},"author":1,"featured_media":83536,"comment_status":"open","ping_status":"closed","sticky":false,"template":"","format":"standard","meta":{"footnotes":""},"categories":[35,5,197,138,5705,377,22025],"tags":[6607,215078,215079,215080,215081,215082,215083,215084,215085,215086,58015,215087,129639,215088,215089,215090,215091,215092,215093,215094,6659,3501,215095,215096,44164,215097,215098,215099,6646,215100,215101,215102,215103,215104,215105,215106,215107,215108,3499,3500,215109,215110,215111,215112,215113,215114,215115,215116,3503,215117,215118,215119,215120,215121,215122,215123,215124,215125,215126,215127,215128,215129,3504,215130,215131,215132,132524,215133,215134,215135,215136,215137,215138,107,215139,215140,215141,44208,3502,215142,6688],"_links":{"self":[{"href":"http:\/\/fdb.fjon.de\/index.php?rest_route=\/wp\/v2\/posts\/23807"}],"collection":[{"href":"http:\/\/fdb.fjon.de\/index.php?rest_route=\/wp\/v2\/posts"}],"about":[{"href":"http:\/\/fdb.fjon.de\/index.php?rest_route=\/wp\/v2\/types\/post"}],"author":[{"embeddable":true,"href":"http:\/\/fdb.fjon.de\/index.php?rest_route=\/wp\/v2\/users\/1"}],"replies":[{"embeddable":true,"href":"http:\/\/fdb.fjon.de\/index.php?rest_route=%2Fwp%2Fv2%2Fcomments&post=23807"}],"version-history":[{"count":0,"href":"http:\/\/fdb.fjon.de\/index.php?rest_route=\/wp\/v2\/posts\/23807\/revisions"}],"wp:featuredmedia":[{"embeddable":true,"href":"http:\/\/fdb.fjon.de\/index.php?rest_route=\/wp\/v2\/media\/83536"}],"wp:attachment":[{"href":"http:\/\/fdb.fjon.de\/index.php?rest_route=%2Fwp%2Fv2%2Fmedia&parent=23807"}],"wp:term":[{"taxonomy":"category","embeddable":true,"href":"http:\/\/fdb.fjon.de\/index.php?rest_route=%2Fwp%2Fv2%2Fcategories&post=23807"},{"taxonomy":"post_tag","embeddable":true,"href":"http:\/\/fdb.fjon.de\/index.php?rest_route=%2Fwp%2Fv2%2Ftags&post=23807"}],"curies":[{"name":"wp","href":"https:\/\/api.w.org\/{rel}","templated":true}]}}