{"id":131060,"date":"2018-08-20T07:27:12","date_gmt":"2018-08-20T05:27:12","guid":{"rendered":"http:\/\/fdb.fjon.de\/?p=131060"},"modified":"2018-11-05T12:35:12","modified_gmt":"2018-11-05T11:35:12","slug":"jugend-ohne-gott-ein-film-ueber-die-liebe-2017-2","status":"publish","type":"post","link":"http:\/\/fdb.fjon.de\/?p=131060","title":{"rendered":"Jugend ohne Gott (&#8230;ein Film \u00fcber die Liebe) [BD] (2017)"},"content":{"rendered":"<table style=\"border-color: #e5e5e5; width: 100%; background-color: #e5e5e5;\">\n<tbody>\n<tr>\n<td style=\"border-color: #e5e5e5; background-color: #e5e5e5; width: 50%; height: 25pt; vertical-align: bottom;\"><span style=\"color: #eb4747; font-size: 18pt;\"><strong>INFOBOX<\/strong><\/span><\/td>\n<td style=\"border-color: #e5e5e5; background-color: #e4b721; width: 25%; height: 25pt; text-align: center; vertical-align: bottom;\"><strong><span style=\"font-family: impact, sans-serif; font-size: 20pt;\">IMDb<\/span><\/strong><span style=\"color: #333333; font-size: 18pt; font-family: impact, sans-serif;\">: \u00a0<\/span><span style=\"font-size: 18pt;\">5.7<span style=\"font-size: 12pt;\">\/10<\/span><\/span><\/td>\n<td style=\"border-color: #e5e5e5; background-color: #333333; width: 25%; height: 25pt; text-align: center; vertical-align: bottom;\"><span style=\"font-size: 18pt; color: #ffffff;\"><span style=\"font-size: 18pt; font-family: impact, sans-serif;\"><strong><span style=\"font-family: helvetica, arial, sans-serif;\">Meta<\/span><\/strong>: \u00a0<\/span>N\/A%<\/span><\/td>\n<\/tr>\n<tr>\n<td style=\"width: 100%; height: 55pt; border-color: #e5e5e5; background-color: #e5e5e5; vertical-align: middle;\" colspan=\"3\"><a href=\"http:\/\/www.schnittberichte.com\/svds.php?Page=Titel&amp;ID=54001\" target=\"_blank\" rel=\"noopener\"><img loading=\"lazy\" decoding=\"async\" class=\"alignnone wp-image-54702\" src=\"http:\/\/fdb.fjon.de\/wp-content\/uploads\/2015\/06\/sbcom.jpg\" alt=\"_sbcom\" width=\"50\" height=\"50\" srcset=\"http:\/\/fdb.fjon.de\/wp-content\/uploads\/2015\/06\/sbcom.jpg 600w, http:\/\/fdb.fjon.de\/wp-content\/uploads\/2015\/06\/sbcom-150x150.jpg 150w, http:\/\/fdb.fjon.de\/wp-content\/uploads\/2015\/06\/sbcom-300x300.jpg 300w, http:\/\/fdb.fjon.de\/wp-content\/uploads\/2015\/06\/sbcom-250x250.jpg 250w, http:\/\/fdb.fjon.de\/wp-content\/uploads\/2015\/06\/sbcom-90x90.jpg 90w, http:\/\/fdb.fjon.de\/wp-content\/uploads\/2015\/06\/sbcom-75x75.jpg 75w\" sizes=\"(max-width: 50px) 100vw, 50px\" \/><\/a><span style=\"color: #333333; font-size: 18pt; font-family: impact, sans-serif;\"><br \/>\n<\/span><\/td>\n<\/tr>\n<\/tbody>\n<\/table>\n<table style=\"width: 100%; border-color: #e6e6e6; background-color: #e6e6e6;\" border=\"0\">\n<tbody>\n<tr>\n<td style=\"width: 100%; border-color: #e6e6e6; height: 100%; vertical-align: middle; background-color: #e6e6e6;\" colspan=\"2\" align=\"justify\" valign=\"top\" width=\"50%\"><span style=\"font-size: 14pt; color: #333333;\"><strong>Zach macht sich widerwillig auf in das Hochleistungs-Camp der Abschlussklasse. Im Gegensatz zu seinen Kommilitonen hat er kein Interesse daran, auf die renommierte Rowald Universit\u00e4t zu kommen. Obwohl sie ihn nicht versteht, ist die ehrgeizige Nadesh (Alicia von Rittberg) von dem Einzelg\u00e4nger fasziniert und versucht, ihm n\u00e4herzukommen. [&#8230;]<\/strong><\/span><\/td>\n<\/tr>\n<\/tbody>\n<\/table>\n<p style=\"text-align: center;\"><strong><span style=\"font-family: Verdana; font-size: 14pt;\"><!--more--><\/span><\/strong><\/p>\n<p>&nbsp;<\/p>\n<div class=\"wse-widget\"><a rel=\"nofollow\" href=\"https:\/\/www.werstreamt.es\/film\/details\/1171854\/jugend-ohne-gott\/\" target=\"_blank\">Verf\u00fcgbarkeit von Jugend ohne Gott auf WerStreamt.es pr\u00fcfen<\/a><script async src=\"https:\/\/www.werstreamt.es\/themes\/wse\/js\/widget.v3.min.js\" charset=\"utf-8\"><\/script><\/div>\n<p>&nbsp;<\/p>\n<p style=\"text-align: center;\"><img decoding=\"async\" class=\"aligncenter size-full\" src=\"http:\/\/5623625.swh.strato-hosting.eu\/img\/cover\/jugend-ohne-gott.jpg\" width=\"100%\" height=\"910\" \/><\/p>\n<p>&nbsp;<\/p>\n<table style=\"width: 100%; border-color: #eb4747; background-color: #eb4747;\" border=\"rgb(235, 71, 71)\">\n<tbody>\n<tr>\n<td style=\"border-color: #eb4747; width: 100%; height: 50px; text-align: left; vertical-align: middle; background-color: #eb4747;\"><span style=\"color: #ffffff;\"><strong><span style=\"font-size: 18pt;\">INFOS<\/span><\/strong><\/span><\/td>\n<\/tr>\n<\/tbody>\n<\/table>\n<table style=\"border-color: #e4b721; width: 100%; background-color: #e4b721;\" border=\"rgb(244, 243, 217)\">\n<tbody>\n<tr>\n<td style=\"width: 38%; border-color: #e4b721; background-color: #e4b721;\" colspan=\"2\"><strong><span style=\"color: #333333;\"><img loading=\"lazy\" decoding=\"async\" class=\"wp-image-65501 alignleft\" src=\"http:\/\/fdb.fjon.de\/wp-content\/uploads\/2015\/11\/imdb-1024x501.png\" alt=\"___imdb\" width=\"204\" height=\"100\" srcset=\"http:\/\/fdb.fjon.de\/wp-content\/uploads\/2015\/11\/imdb-1024x501.png 1024w, http:\/\/fdb.fjon.de\/wp-content\/uploads\/2015\/11\/imdb-300x147.png 300w, http:\/\/fdb.fjon.de\/wp-content\/uploads\/2015\/11\/imdb-768x376.png 768w, http:\/\/fdb.fjon.de\/wp-content\/uploads\/2015\/11\/imdb-150x73.png 150w, http:\/\/fdb.fjon.de\/wp-content\/uploads\/2015\/11\/imdb.png 1963w\" sizes=\"(max-width: 204px) 100vw, 204px\" \/><\/span><\/strong><\/td>\n<td style=\"width: 58%; border-color: #e4b721; text-align: left; vertical-align: middle; background-color: #e4b721;\">\n<h3 style=\"text-align: right;\"><span style=\"font-size: 54pt; font-family: impact, sans-serif; color: #000000;\"><strong>5.7 <span style=\"font-size: 36pt;\">\/ 10<\/span><\/strong><\/span><\/h3>\n<\/td>\n<td style=\"width: 4%; border-color: #e4b721; text-align: left; vertical-align: middle; background-color: #e4b721;\"><\/td>\n<\/tr>\n<tr>\n<td style=\"width: 4%; border-color: #e4b721; height: 20px; text-align: left; background-color: #e4b721;\"><\/td>\n<td style=\"width: 34%; border-color: #e4b721; height: 20px; text-align: left; background-color: #e4b721;\"><strong><span style=\"color: #333333; font-size: 18pt;\">Titel<\/span><\/strong><\/td>\n<td style=\"width: 58%; border-color: #e4b721; text-align: left; vertical-align: middle; background-color: #e4b721;\"><span style=\"font-size: 18pt;\"><strong>Godless Youth<\/strong><\/span><\/td>\n<td style=\"width: 4%; border-color: #e4b721; text-align: left; vertical-align: middle; background-color: #e4b721;\"><\/td>\n<\/tr>\n<tr>\n<td style=\"width: 4%; border-color: #e4b721; height: 20px; text-align: left; background-color: #e4b721;\"><\/td>\n<td style=\"width: 34%; border-color: #e4b721; height: 20px; text-align: left; background-color: #e4b721;\"><span style=\"font-size: 14pt; color: #333333;\">Teaser-Text<\/span><\/td>\n<td style=\"width: 58%; border-color: #e4b721; text-align: left; vertical-align: middle; background-color: #e4b721;\"><span style=\"color: #333333; font-size: 14pt;\">German students compete to enter one of the country's elite schools.<\/span><\/td>\n<td style=\"width: 4%; border-color: #e4b721; text-align: left; vertical-align: middle; background-color: #e4b721;\"><\/td>\n<\/tr>\n<tr>\n<td style=\"width: 4%; border-color: #e4b721; height: 20px; text-align: left; background-color: #e4b721;\"><\/td>\n<td style=\"width: 34%; border-color: #e4b721; height: 20px; text-align: left; background-color: #e4b721;\"><span style=\"color: #333333; font-size: 14pt;\">Genre(s)<\/span><\/td>\n<td style=\"width: 58%; border-color: #e4b721; text-align: left; vertical-align: middle; background-color: #e4b721;\"><span style=\"color: #333333; font-size: 14pt;\">Crime, Drama, Mystery<\/span><\/td>\n<td style=\"width: 4%; border-color: #e4b721; text-align: left; vertical-align: middle; background-color: #e4b721;\"><\/td>\n<\/tr>\n<tr>\n<td style=\"width: 4%; border-color: #e4b721; height: 20px; text-align: left; background-color: #e4b721;\"><\/td>\n<td style=\"width: 34%; border-color: #e4b721; height: 20px; text-align: left; background-color: #e4b721;\"><span style=\"color: #333333; font-size: 14pt;\">Land | Jahr | Laufzeit<\/span><\/td>\n<td style=\"width: 58%; border-color: #e4b721; text-align: left; vertical-align: middle; background-color: #e4b721;\"><span style=\"color: #333333; font-size: 14pt;\">Germany | 2017 | 1:54<\/span><\/td>\n<td style=\"width: 4%; border-color: #e4b721; text-align: left; vertical-align: middle; background-color: #e4b721;\"><\/td>\n<\/tr>\n<tr>\n<td style=\"width: 4%; border-color: #e4b721; height: 20px; text-align: left; background-color: #e4b721;\"><\/td>\n<td style=\"width: 34%; border-color: #e4b721; height: 20px; text-align: left; background-color: #e4b721;\"><span style=\"color: #333333; font-size: 14pt;\">Regie | Story<\/span><\/td>\n<td style=\"width: 58%; border-color: #e4b721; text-align: left; vertical-align: middle; background-color: #e4b721;\"><span style=\"color: #333333; font-size: 14pt;\">Alain Gsponer | Alex Buresch, Matthias Pacht, \u00d6d\u00f6n von Horvath<\/span><\/td>\n<td style=\"width: 4%; border-color: #e4b721; text-align: left; vertical-align: middle; background-color: #e4b721;\"><\/td>\n<\/tr>\n<tr>\n<td style=\"width: 4%; border-color: #e4b721; height: 20px; text-align: left; background-color: #e4b721;\"><\/td>\n<td style=\"width: 34%; border-color: #e4b721; height: 20px; text-align: left; background-color: #e4b721;\"><span style=\"color: #333333; font-size: 14pt;\">Darsteller<\/span><\/td>\n<td style=\"width: 58%; border-color: #e4b721; text-align: left; vertical-align: middle; background-color: #e4b721;\"><span style=\"color: #333333; font-size: 14pt;\">Jannis Niew\u00f6hner, Fahri Yardim, Emilia Sch\u00fcle<\/span><\/td>\n<td style=\"width: 4%; border-color: #e4b721; text-align: left; vertical-align: middle; background-color: #e4b721;\"><\/td>\n<\/tr>\n<tr>\n<td style=\"width: 4%; border-color: #e4b721; height: 20px; text-align: left; background-color: #e4b721;\"><\/td>\n<td style=\"width: 34%; border-color: #e4b721; height: 20px; text-align: left; background-color: #e4b721;\"><span style=\"font-size: 18pt; color: #333333;\"><strong>IMDb<\/strong><\/span><\/td>\n<td style=\"width: 58%; border-color: #e4b721; text-align: left; vertical-align: middle; background-color: #e4b721;\"><span style=\"font-size: 18pt; color: #333333;\"><strong>5.7<\/strong> bei 1977 Stimmen<\/span><\/td>\n<td style=\"width: 4%; border-color: #e4b721; text-align: left; vertical-align: middle; background-color: #e4b721;\"><\/td>\n<\/tr>\n<tr style=\"height: 12px;\">\n<td style=\"width: 4%; border-color: #e4b721; height: 20px; text-align: left; background-color: #e4b721;\"><\/td>\n<td style=\"width: 34%; border-color: #e4b721; height: 20px; text-align: left; background-color: #e4b721;\"><span style=\"font-size: 18pt; color: #333333;\"><strong>Metascore<\/strong><\/span><\/td>\n<td style=\"width: 58%; border-color: #e4b721; text-align: left; vertical-align: middle; background-color: #e4b721;\"><span style=\"font-size: 18pt; color: #333333;\"><strong>N\/A <\/strong>\/ 100<\/span><\/td>\n<td style=\"width: 4%; border-color: #e4b721; text-align: left; vertical-align: middle; background-color: #e4b721;\"><\/td>\n<\/tr>\n<tr style=\"height: 12px;\">\n<td style=\"width: 4%; border-color: #e4b721; height: 20px; text-align: left; background-color: #e4b721;\"><\/td>\n<td style=\"width: 34%; border-color: #e4b721; height: 20px; text-align: left; background-color: #e4b721;\"><\/td>\n<td style=\"width: 58%; border-color: #e4b721; text-align: left; vertical-align: middle; background-color: #e4b721;\"><\/td>\n<td style=\"width: 4%; border-color: #e4b721; text-align: left; vertical-align: middle; background-color: #e4b721;\"><\/td>\n<\/tr>\n<\/tbody>\n<\/table>\n","protected":false},"excerpt":{"rendered":"<p>INFOBOX IMDb: \u00a0\/10 Meta: \u00a0% Zach macht sich widerwillig auf in das Hochleistungs-Camp der Abschlussklasse. Im Gegensatz zu seinen Kommilitonen hat er kein Interesse daran, auf die renommierte Rowald Universit\u00e4t zu kommen. Obwohl sie ihn nicht versteht, ist die ehrgeizige Nadesh (Alicia von Rittberg) von dem Einzelg\u00e4nger fasziniert und versucht, ihm n\u00e4herzukommen. [&#8230;]<\/p>\n","protected":false},"author":1,"featured_media":127247,"comment_status":"open","ping_status":"closed","sticky":false,"template":"","format":"standard","meta":{"footnotes":""},"categories":[49898,195,3475,9,139,22009,12,6],"tags":[49905,50455,275769,90553,275770,55740,55690,211197,244356,1819,275771,275772,42922,275773,6658,275774,78410,275775,275776,39658,12341,275777,193162,275778,275779,81667,78421,275780,275781,173772,275782,275783,91,275784,275785,28019,7631,193169,218144,275786,6757,275787,51283,236186,269021,275788,151876,81587,275789,6647,275790,275791,213323,577,275792,275793,157648,275794,275795,275796,1098,78467,55703,63016,67793,275797,4285,275798,78480,275799,275800,275801,275802,224834,275803,78497,275804,275805,275806,275807,275808,79929,275809,275810,165511,117602,275811,157713,275812,275813,271417,275814,275815,275816,275817,157727,275818,275819,67029,72609,275820,221092,128982,275821,275822,275823,218168,78566,39617,90620,44890,275824,244400,193196,275825,92830,90624,3249,275826,210824,275827,67835,275828,275829,13948,157811,201588,90632,37378,275830,275831,275832,78617,151959,275833,157833,133100,185584,275834,43036,123015,275835,67342,191308,275836],"_links":{"self":[{"href":"http:\/\/fdb.fjon.de\/index.php?rest_route=\/wp\/v2\/posts\/131060"}],"collection":[{"href":"http:\/\/fdb.fjon.de\/index.php?rest_route=\/wp\/v2\/posts"}],"about":[{"href":"http:\/\/fdb.fjon.de\/index.php?rest_route=\/wp\/v2\/types\/post"}],"author":[{"embeddable":true,"href":"http:\/\/fdb.fjon.de\/index.php?rest_route=\/wp\/v2\/users\/1"}],"replies":[{"embeddable":true,"href":"http:\/\/fdb.fjon.de\/index.php?rest_route=%2Fwp%2Fv2%2Fcomments&post=131060"}],"version-history":[{"count":0,"href":"http:\/\/fdb.fjon.de\/index.php?rest_route=\/wp\/v2\/posts\/131060\/revisions"}],"wp:featuredmedia":[{"embeddable":true,"href":"http:\/\/fdb.fjon.de\/index.php?rest_route=\/wp\/v2\/media\/127247"}],"wp:attachment":[{"href":"http:\/\/fdb.fjon.de\/index.php?rest_route=%2Fwp%2Fv2%2Fmedia&parent=131060"}],"wp:term":[{"taxonomy":"category","embeddable":true,"href":"http:\/\/fdb.fjon.de\/index.php?rest_route=%2Fwp%2Fv2%2Fcategories&post=131060"},{"taxonomy":"post_tag","embeddable":true,"href":"http:\/\/fdb.fjon.de\/index.php?rest_route=%2Fwp%2Fv2%2Ftags&post=131060"}],"curies":[{"name":"wp","href":"https:\/\/api.w.org\/{rel}","templated":true}]}}