{"id":1258,"date":"2013-02-25T10:56:36","date_gmt":"2013-02-25T09:56:36","guid":{"rendered":"http:\/\/fdb.fjon.de\/?p=1258"},"modified":"2016-07-21T08:08:25","modified_gmt":"2016-07-21T06:08:25","slug":"meer-in-mir-das-2004","status":"publish","type":"post","link":"http:\/\/fdb.fjon.de\/?p=1258","title":{"rendered":"Meer in mir, Das (2004)"},"content":{"rendered":"<p>&nbsp;<\/p>\n<p style=\"text-align: center;\">[imdb id=&#8220;tt0369702&#8243;]<\/p>\n<table id=\"table4\" style=\"border-collapse: collapse; width: 100%;\" border=\"0\">\n<tbody>\n<tr>\n<td>\n<p align=\"center\"><a href=\"http:\/\/www.schnittberichte.com\/svds.php?Page=Titel&amp;ID=11573\" target=\"_blank\"><img loading=\"lazy\" decoding=\"async\" class=\"alignnone size-full wp-image-8033\" alt=\"icon_info_50\" src=\"http:\/\/fdb.fjon.de\/wp-content\/uploads\/2013\/06\/icon_info_50.jpg\" width=\"50\" height=\"50\" \/><\/a>\u00a0 <a href=\"http:\/\/fdb.fjon.de\/glossar\/\" target=\"_blank\"><img loading=\"lazy\" decoding=\"async\" class=\"alignnone size-full wp-image-5431\" alt=\"FSK_ab_12_logo_50\" src=\"http:\/\/fdb.fjon.de\/wp-content\/uploads\/2013\/05\/FSK_ab_12_logo_50.jpg\" width=\"50\" height=\"50\" \/><\/a>\u00a0 <a href=\"http:\/\/fdb.fjon.de\/glossar\/\" target=\"_blank\"><img loading=\"lazy\" decoding=\"async\" class=\"alignnone size-full wp-image-5601\" alt=\"DIVX_logo_50\" src=\"http:\/\/fdb.fjon.de\/wp-content\/uploads\/2013\/05\/DIVX_logo_50.jpg\" width=\"118\" height=\"50\" \/><\/a>\u00a0 <a href=\"http:\/\/fdb.fjon.de\/glossar\/\" target=\"_blank\"><img loading=\"lazy\" decoding=\"async\" class=\"alignnone size-full wp-image-8035\" alt=\"DolbyDigital_50\" src=\"http:\/\/fdb.fjon.de\/wp-content\/uploads\/2013\/06\/DolbyDigital_50.jpg\" width=\"127\" height=\"50\" \/><\/a>\u00a0 <a href=\"https:\/\/www.best-trade.de\/?search=Meer+in+mir&amp;searcho=1&amp;fastView=1&amp;su=\" target=\"_blank\"><img loading=\"lazy\" decoding=\"async\" class=\"alignnone size-thumbnail wp-image-8478\" alt=\"bt_shop\" src=\"http:\/\/fdb.fjon.de\/wp-content\/uploads\/2013\/06\/bt_shop-150x50.jpg\" width=\"150\" height=\"50\" \/><\/a><\/p>\n<\/td>\n<\/tr>\n<\/tbody>\n<\/table>\n<table id=\"table1\" style=\"width: 100%;\" border=\"0\">\n<tbody>\n<tr>\n<td align=\"justify\" valign=\"top\" width=\"320\"><img loading=\"lazy\" decoding=\"async\" alt=\"\" src=\"http:\/\/www.moviepilot.de\/files\/images\/0250\/6786\/meer.jpg\" width=\"320\" height=\"454\" border=\"0\" \/><\/td>\n<td style=\"text-align: justify;\" align=\"justify\" valign=\"top\" width=\"320\">Seit einem Badeunfall vor 27 Jahren ist Ram\u00f3n (Javier Bardem) vom Hals abw\u00e4rts gel\u00e4hmt, an den Rollstuhl gefesselt und st\u00e4ndig auf die Hilfe anderer angewiesen. Er lebt bei seinem Bruder und seiner Schw\u00e4gerin und w\u00fcnscht sich nichts sehnlicher als den Tod, obwohl er von Verwandten und Freunden liebevoll umsorgt wird. Um zu sterben, br\u00e4uchte er allerdings fremde Hilfe und die verbietet sowohl der spanische Staat, als auch die katholische Kirche.<\/td>\n<\/tr>\n<\/tbody>\n<\/table>\n<h2 style=\"text-align: center;\"><span style=\"font-family: Verdana; font-size: x-large;\"><!--more--><\/span><\/h2>\n<p style=\"text-align: center;\"><span style=\"font-family: Verdana; font-size: x-large;\"> <img loading=\"lazy\" decoding=\"async\" alt=\"\" src=\"http:\/\/www.moviepilot.de\/files\/images\/0250\/6786\/meer.jpg\" width=\"640\" height=\"908\" border=\"0\" \/><\/span><\/p>\n<p id=\"blogvision\" style=\"text-align: center;\"><iframe loading=\"lazy\" style=\"width: 640px; height: 360px;\" src=\"http:\/\/www.filmstarts.de\/_video\/iblogvision.aspx?cmedia=19241976\" height=\"240\" width=\"320\" frameborder=\"0\"><\/iframe><br \/>\n<a href=\"http:\/\/www.filmstarts.de\/kritiken\/38281-Das-Meer-in-mir.html\" target=\"_blank\">Das Meer in mir<\/a><iframe loading=\"lazy\" src=\"http:\/\/www.youtube.com\/embed\/tawwBNJ2q1I\" height=\"480\" width=\"640\" allowfullscreen=\"\" frameborder=\"0\"><\/iframe><\/p>\n<h2 style=\"text-align: justify;\"><span style=\"color: #333333;\"><br \/>\n<strong><span style=\"text-decoration: underline;\">Inhalt:<\/span><\/strong><\/span><\/h2>\n<h2 style=\"text-align: justify;\"><span style=\"color: #333333;\">Seit einem Badeunfall vor 27 Jahren ist Ram\u00f3n (Javier Bardem) vom Hals abw\u00e4rts gel\u00e4hmt, an den Rollstuhl gefesselt und st\u00e4ndig auf die Hilfe anderer angewiesen.<\/span><\/h2>\n<h2 style=\"text-align: justify;\"><span style=\"color: #333333;\"> Er lebt bei seinem Bruder und seiner Schw\u00e4gerin und w\u00fcnscht sich nichts sehnlicher als den Tod, obwohl er von Verwandten und Freunden liebevoll umsorgt wird. Um zu sterben, br\u00e4uchte er allerdings fremde Hilfe und die verbietet sowohl der spanische Staat, als auch die katholische Kirche. Ram\u00f3n ist jedoch fest entschlossen \u00f6ffentlich f\u00fcr sein Recht auf einen selbstbestimmten Tod zu k\u00e4mpfen&#8230;<\/span><\/h2>\n<h2 style=\"text-align: justify;\"><span style=\"color: #333333;\">Das Meer in mir (Originaltitel: Mar Adentro) ist ein mehrfach preisgekr\u00f6nter Film von Alejandro Amen\u00e1bar, basierend auf einer wahren Geschichte.<\/span><\/h2>\n<h2 style=\"text-align: justify;\"><span style=\"color: #333333;\"><br \/>\n<strong><span style=\"text-decoration: underline;\">Handlung:<\/span><\/strong><\/span><\/h2>\n<h2 style=\"text-align: justify;\"><span style=\"color: #333333;\">Der Film behandelt die Geschichte des galicischen Seemannes Ram\u00f3n Sampedro (1943\u20131998), der im Alter von 25 Jahren im Jahre 1969 einen Badeunfall erlitt.<\/span><\/h2>\n<h2 style=\"text-align: justify;\"><span style=\"color: #333333;\">Bei einem Sturz ins flache Wasser brach sich Ram\u00f3n Sampedro das Genick und ist seitdem vom Hals abw\u00e4rts vollst\u00e4ndig gel\u00e4hmt. Da er sein Leben seitdem als nicht mehr lebenswert, als unw\u00fcrdig ansieht, ist es sein sehnlichster Wunsch, \u201ein W\u00fcrde\u201c zu sterben \u2013 womit er andeutet, sich das Leben nehmen zu wollen.<\/span><\/h2>\n<h2 style=\"text-align: justify;\"><span style=\"color: #333333;\">In seinem Umfeld jedoch st\u00f6\u00dft der Todeswunsch auf Unverst\u00e4ndnis und Ablehnung. Seine ihn pflegende Schw\u00e4gerin Manuela scheint hin- und hergerissen, sein Bruder Jos\u00e9 lehnt Sterbehilfe von vornherein kategorisch ab. Mit seinem Vater spricht Ram\u00f3n nicht \u00fcber seinen Wunsch und sein Neffe Javier, Javi genannt, scheint die Situation so gut es geht zu ertragen. Auch die staatlichen Beh\u00f6rden Spaniens und die Kirche verweigern Ram\u00f3n die Legalisierung der aktiven Sterbehilfe.<\/span><\/h2>\n<h2 style=\"text-align: justify;\"><span style=\"color: #333333;\">Lediglich die an der erblich bedingten Erkrankung CADASIL leidende Anw\u00e4ltin Julia, sowie die Vereinigung \u201eW\u00fcrdevoll sterben\u201c, der R\u00e1mon beigetreten ist, wollen sich aktiv f\u00fcr sein Anliegen einsetzen.<\/span><\/h2>\n<h2 style=\"text-align: justify;\"><span style=\"color: #333333;\">Obwohl Ram\u00f3n der Ansicht ist, er w\u00e4re nicht in der Lage, jemanden zu lieben, scheint er mit der Zeit tiefe Gef\u00fchle f\u00fcr die verheiratete Julia zu entwickeln.<\/span><\/h2>\n<h2 style=\"text-align: justify;\"><span style=\"color: #333333;\">Mit der Fabrikarbeiterin Rosa tritt eine weitere Person in Ram\u00f3ns Leben, die ihm helfen m\u00f6chte. Rosa ist eine junge, alleinerziehende Mutter, die \u2013 trotz ihrer Probleme \u2013 Lebensfreude verspr\u00fcht und der Ansicht ist, dass es dem Tetraplegiker Ram\u00f3n ausschlie\u00dflich an dieser fehlt. Ihr Versuch, ihn bei ihrer ersten Begegnung davon zu \u00fcberzeugen, dass das Leben trotz seiner Behinderung lebenswert sei, scheitert kl\u00e4glich und endet in einem handfesten Streit. Trotzdem l\u00e4sst Rosa nicht locker und freundet sich im Laufe der Zeit immer enger mit Ram\u00f3n an. Sie lernt ihn zu verstehen und verliebt sich in ihn. Dennoch reagiert sie geschockt, als Ram\u00f3n sie darum bittet, ihm aktive Sterbehilfe zu leisten und verweigert sich ihm.<\/span><\/h2>\n<h2 style=\"text-align: justify;\"><span style=\"color: #333333;\">Julia hingegen erleidet einen Schlaganfall und fasst daraufhin den Entschluss, ebenfalls lieber selbst ihrem Leben ein Ende zu setzen, anstatt ihrem Schicksal unentrinnbar ausgeliefert zu sein. Nachdem sie Ram\u00f3ns mit dem Mund geschriebene Gedichte gelesen hat, beschlie\u00dft sie, diese zu publizieren. Mit dem Versprechen, ihn und sich selbst am Tag des Ersterscheinens seines Buches umzubringen, gibt sie Ram\u00f3n erneut Hoffnung. Die beiden K\u00fcssen sich und teilen fortan auch ihre Liebe f\u00fcr den gemeinsamen Todeswunsch. Ram\u00f3ns Buch erscheint, doch Julia h\u00e4lt sich nicht an ihre Vereinbarung. Mit der Post wird ihm lediglich das erste Exemplar seines Buches zugesandt. Julia kommt nicht wieder.<\/span><\/h2>\n<h2 style=\"text-align: justify;\"><span style=\"color: #333333;\">Einen in La Coru\u00f1a stattfindenden Gerichtsprozess, bei dem es darum geht, ob aktive Sterbehilfe legalisiert werden solle, verliert Ram\u00f3n. Obwohl der am liebsten in seinem Zimmer verweilende Querschnittsgel\u00e4hmte extra daf\u00fcr angereist ist, wird er nicht einmal angeh\u00f6rt. Sterbehilfe bleibt weiterhin ein Tabu. Da er den Kampf gegen die Beh\u00f6rden leid ist, gibt es f\u00fcr ihn nur noch eine L\u00f6sung: aktive Sterbehilfe im Verborgenen und derart, dass niemand daf\u00fcr belangt werden kann.<\/span><\/h2>\n<h2 style=\"text-align: justify;\"><span style=\"color: #333333;\">Schlie\u00dflich ist es doch Rosa, die seinen sehnlichsten Wunsch erf\u00fcllt und ihm \u2013 gemeinsam mit verschiedenen Freunden Ram\u00f3ns \u2013 eine t\u00f6dliche Dosis Cyankali bereitstellt. Seinen Suizid h\u00e4lt er jedoch mit einer Kamera fest und erkl\u00e4rt seinen Gegnern, dass es f\u00fcr ihn keine andere M\u00f6glichkeit gab, als diesen Weg zu gehen und, dass sie \u2013 aufgrund der an sich legalen T\u00e4tigkeiten verschiedener Freunde \u2013 niemanden f\u00fcr die aktive Sterbehilfe anklagen k\u00f6nnen. Ram\u00f3n trinkt und stirbt kurz darauf.<\/span><\/h2>\n<h2 style=\"text-align: justify;\"><span style=\"color: #333333;\">Die letzte Szene des Films zeigt Gen\u00e9, eine langj\u00e4hrige Freundin von Ram\u00f3n und gleichzeitig die Leiterin der Vereinigung \u201eW\u00fcrdevoll sterben\u201c, die die mittlerweile im Rollstuhl sitzende Julia besucht. Sie \u00fcberreicht der bereits erste Anzeichen von Demenz zeigenden Anw\u00e4ltin einen Abschiedsbrief von Ram\u00f3n, doch diese kann sich bereits nicht mehr an ihn erinnern.<\/span><\/h2>\n<h2 style=\"text-align: justify;\"><span style=\"color: #333333;\">Die beiden Frauen blicken auf das Meer hinaus und man h\u00f6rt Ram\u00f3ns Stimme, welche (in der deutschen Filmversion) folgende Worte aus einem seiner Gedichte spricht:<\/span><\/h2>\n<h2 style=\"text-align: justify;\"><strong><span style=\"color: #333333;\">\u201eIns Meer hinein, ins Meer<\/span><\/strong><br \/>\n<strong><span style=\"color: #333333;\"> In seine schwerelose Tiefe<\/span><\/strong><br \/>\n<strong><span style=\"color: #333333;\"> Wo die Tr\u00e4ume sich erf\u00fcllen<\/span><\/strong><br \/>\n<strong><span style=\"color: #333333;\"> Und zwei Willen sich vereinen um zu stillen eine gro\u00dfe Sehnsucht<\/span><\/strong><br \/>\n<strong><span style=\"color: #333333;\"> Dein Blick und mein Blick<\/span><\/strong><br \/>\n<strong><span style=\"color: #333333;\"> Wortlos hin- und hergeworfen<\/span><\/strong><br \/>\n<strong><span style=\"color: #333333;\"> Wie ein Echo wiederholend, tiefer, tiefer<\/span><\/strong><br \/>\n<strong><span style=\"color: #333333;\"> Bis weit jenseits allen Seins aus Fleisch und Blut und Knochen.<\/span><\/strong><br \/>\n<strong><span style=\"color: #333333;\"> Doch wache ich immer auf<\/span><\/strong><br \/>\n<strong><span style=\"color: #333333;\"> Und immer w\u00e4r&#8216; ich lieber tot<\/span><\/strong><br \/>\n<strong><span style=\"color: #333333;\"> Um endlos mich mit meinem Mund<\/span><\/strong><br \/>\n<strong><span style=\"color: #333333;\"> In deinen Haaren zu verfangen.\u201c<\/span><\/strong><\/h2>\n<h2 style=\"text-align: justify;\"><span style=\"color: #333333;\"><br \/>\n<strong><span style=\"text-decoration: underline;\">Hintergrund:<\/span><\/strong><\/span><\/h2>\n<h2 style=\"text-align: justify;\"><span style=\"color: #333333;\">Die Geschichte Sampedros erfuhr in Spanien eine gro\u00dfe Medienpr\u00e4senz und brachte eine Diskussion um die Legalisierung der Sterbehilfe in die \u00d6ffentlichkeit. 1993 verlor Sampedro einen Prozess, bei dem er als Bef\u00fcrworter der Sterbehilfe auftrat. Am 12. Januar 1998 nahm er sich mit Hilfe der Fabrikarbeiterin, die in Wirklichkeit Ramona Maneiro hei\u00dft, das Leben. Dabei befolgte sie die Anweisungen Sampedros und l\u00f6ste Zyankali in einem Glas Wasser auf. Ram\u00f3n Sampedros Todeskampf dauerte \u00fcber 20 Minuten, Ramona Maneiro konnte dies nicht mit ansehen und fl\u00fcchtete ins Bad. Maneiro gestand ihre Tat jedoch erst mit Ablauf der Verj\u00e4hrungsfrist, am 12. Januar 2005. Bis dahin waren die n\u00e4heren Umst\u00e4nde seines Todes nicht genau gekl\u00e4rt. Der Fall wird vermutlich noch einmal aufgerollt.<\/span><\/h2>\n<h2 style=\"text-align: justify;\"><span style=\"color: #333333;\">Sampedro schrieb von seinem Krankenbett aus viele Gedichte. Sie wurden kurz vor seinem Tod unter dem Titel Cartas desde el Infierno (\u201eBriefe aus der H\u00f6lle\u201c) publiziert.<\/span><\/h2>\n<h2 style=\"text-align: justify;\"><span style=\"color: #333333;\"><br \/>\n<strong><span style=\"text-decoration: underline;\">Kritiken:<\/span><\/strong><\/span><\/h2>\n<h2 style=\"text-align: justify;\"><span style=\"color: #333333;\">film-dienst: Die Lebensgeschichte von Ram\u00f3n Sampedro, der, durch einen Unfall vollst\u00e4ndig gel\u00e4hmt, jahrelang juristisch f\u00fcr das Recht k\u00e4mpft, seinem Leben ein Ende setzen zu d\u00fcrfen, was er schlie\u00dflich mit Hilfe seiner Freundin auch tat. Ein Versuch, sich auf differenzierende Weise dem Thema der aktiven Sterbehilfe zu stellen.<\/span><\/h2>\n<h2 style=\"text-align: justify;\"><span style=\"color: #333333;\">Der Spiegel: Eines der bewegendsten Kinoerlebnisse der Saison.<\/span><\/h2>\n<h2 style=\"text-align: justify;\"><span style=\"color: #333333;\">TV Movie: Bewegend, ohne kitschig zu sein.<\/span><\/h2>\n<h2 style=\"text-align: justify;\"><span style=\"color: #333333;\"><a href=\"http:\/\/de.wikipedia.org\/wiki\/Das_Meer_in_mir\" target=\"_blank\"><span style=\"color: #333333;\"><br \/>\nQuelle: Wikipedia<\/span><\/a><\/span><\/h2>\n","protected":false},"excerpt":{"rendered":"<p>&nbsp; [imdb id=&#8220;tt0369702&#8243;] \u00a0 \u00a0 \u00a0 \u00a0 Seit einem Badeunfall vor 27 Jahren ist Ram\u00f3n (Javier Bardem) vom Hals abw\u00e4rts gel\u00e4hmt, an den Rollstuhl gefesselt und st\u00e4ndig auf die Hilfe anderer angewiesen. Er lebt bei seinem Bruder und seiner Schw\u00e4gerin und w\u00fcnscht sich nichts sehnlicher als den Tod, obwohl er von Verwandten und Freunden liebevoll umsorgt wird. Um zu sterben,<\/p>\n","protected":false},"author":1,"featured_media":0,"comment_status":"open","ping_status":"closed","sticky":false,"template":"","format":"standard","meta":{"footnotes":""},"categories":[39,26,9,197,4760,3476,139,5696,17,22012],"tags":[6611,2538,6659,93,92,6647,105,2537,2539],"_links":{"self":[{"href":"http:\/\/fdb.fjon.de\/index.php?rest_route=\/wp\/v2\/posts\/1258"}],"collection":[{"href":"http:\/\/fdb.fjon.de\/index.php?rest_route=\/wp\/v2\/posts"}],"about":[{"href":"http:\/\/fdb.fjon.de\/index.php?rest_route=\/wp\/v2\/types\/post"}],"author":[{"embeddable":true,"href":"http:\/\/fdb.fjon.de\/index.php?rest_route=\/wp\/v2\/users\/1"}],"replies":[{"embeddable":true,"href":"http:\/\/fdb.fjon.de\/index.php?rest_route=%2Fwp%2Fv2%2Fcomments&post=1258"}],"version-history":[{"count":0,"href":"http:\/\/fdb.fjon.de\/index.php?rest_route=\/wp\/v2\/posts\/1258\/revisions"}],"wp:attachment":[{"href":"http:\/\/fdb.fjon.de\/index.php?rest_route=%2Fwp%2Fv2%2Fmedia&parent=1258"}],"wp:term":[{"taxonomy":"category","embeddable":true,"href":"http:\/\/fdb.fjon.de\/index.php?rest_route=%2Fwp%2Fv2%2Fcategories&post=1258"},{"taxonomy":"post_tag","embeddable":true,"href":"http:\/\/fdb.fjon.de\/index.php?rest_route=%2Fwp%2Fv2%2Ftags&post=1258"}],"curies":[{"name":"wp","href":"https:\/\/api.w.org\/{rel}","templated":true}]}}