{"id":12110,"date":"2013-07-23T07:23:22","date_gmt":"2013-07-23T05:23:22","guid":{"rendered":"http:\/\/fdb.fjon.de\/?p=12110"},"modified":"2016-07-21T09:47:45","modified_gmt":"2016-07-21T07:47:45","slug":"tick-anders-ein-2011","status":"publish","type":"post","link":"http:\/\/fdb.fjon.de\/?p=12110","title":{"rendered":"Tick anders, Ein (2011)"},"content":{"rendered":"<p><a href=\"?tag=divx\"><img loading=\"lazy\" decoding=\"async\" class=\"alignnone size-full wp-image-37804\" src=\"http:\/\/fdb.fjon.de\/wp-content\/uploads\/2014\/11\/divx0.jpg\" alt=\"divx0\" width=\"51\" height=\"51\" \/><\/a>\u00a0<a href=\"?tag=fsk6\"><img loading=\"lazy\" decoding=\"async\" class=\"alignnone size-full wp-image-37796\" src=\"http:\/\/fdb.fjon.de\/wp-content\/uploads\/2014\/11\/60.jpg\" alt=\"60\" width=\"51\" height=\"51\" \/><\/a>\u00a0<a href=\"http:\/\/www.schnittberichte.com\/svds.php?Page=Titel&amp;ID=5572\" target=\"_blank\"><img loading=\"lazy\" decoding=\"async\" class=\"alignnone size-full wp-image-37806\" src=\"http:\/\/fdb.fjon.de\/wp-content\/uploads\/2014\/11\/sb0.jpg\" alt=\"sb0\" width=\"51\" height=\"51\" \/><\/a><\/p>\n<p style=\"text-align: center;\">[imdb id=&#8220;tt1605735&#8243;]<\/p>\n<table id=\"table1\" style=\"width: 100%;\" border=\"0\">\n<tbody>\n<tr>\n<td align=\"justify\" valign=\"top\" width=\"320\"><img loading=\"lazy\" decoding=\"async\" src=\"http:\/\/www.moviepilot.de\/files\/images\/0533\/5542\/ein-tick-anders-pster.jpg\" alt=\"\" width=\"320\" height=\"452\" border=\"0\" \/><\/td>\n<td style=\"text-align: justify; width: 320px; vertical-align: top;\" align=\"justify\" valign=\"top\" width=\"320\">Eva Strumpf (Jasna Fritzi Bauer) leidet am Tourette-Syndrom, aber sie lebt mit ihren Eltern, ihrem Onkel Bernie (Stefan Kurt), sowie ihrer Oma (Renate Delfs) in einer vertrauten Umgebung am Rand von Recklinghausen, die damit keine Probleme hat. Nat\u00fcrlich entfleucht ihr regelm\u00e4\u00dfig ein lauter Schrei oder eine unpassende Beleidigung, aber in ihrem Familien-Idyll und dem nahe gelegenen Wald und Fluss, f\u00fchlt sie sich wohl. Zur Schule geht die 17j\u00e4hrige nicht mehr, denn da war sie den st\u00e4ndigen bl\u00f6den Bemerkungen ihrer Mitsch\u00fcler ausgesetzt.<\/td>\n<\/tr>\n<\/tbody>\n<\/table>\n<h2 style=\"text-align: center;\"><span style=\"font-family: Verdana; font-size: x-large;\"><!--more--><\/span><\/h2>\n<p style=\"text-align: center;\"><span style=\"font-family: Verdana; font-size: x-large;\"> <img loading=\"lazy\" decoding=\"async\" src=\"http:\/\/www.moviepilot.de\/files\/images\/0533\/5542\/ein-tick-anders-pster.jpg\" alt=\"\" width=\"640\" height=\"905\" border=\"0\" \/><\/span><\/p>\n<p id=\"blogvision\" style=\"text-align: center;\"><iframe loading=\"lazy\" style=\"width: 640px; height: 360px;\" src=\"http:\/\/www.filmstarts.de\/_video\/iblogvision.aspx?cmedia=19220138\" width=\"320\" height=\"240\" frameborder=\"0\"><\/iframe><\/p>\n<p style=\"text-align: center;\"><iframe loading=\"lazy\" src=\"http:\/\/www.youtube.com\/embed\/9Q9aV-GkN8o\" width=\"640\" height=\"360\" frameborder=\"0\" allowfullscreen=\"allowfullscreen\"><\/iframe><\/p>\n<h2 style=\"text-align: center;\"><span style=\"color: #333333;\"><br \/>\n<\/span><\/h2>\n<h2 style=\"text-align: justify;\"><span style=\"color: #333333;\"><strong><span style=\"text-decoration: underline;\">Inhalt:<\/span><\/strong><\/span><\/h2>\n<h2 style=\"text-align: justify;\"><span style=\"color: #333333;\">Eva Strumpf (Jasna Fritzi Bauer) leidet am Tourette-Syndrom, aber sie lebt mit ihren Eltern, ihrem Onkel Bernie (Stefan Kurt), sowie ihrer Oma (Renate Delfs) in einer vertrauten Umgebung am Rand von Recklinghausen, die damit keine Probleme hat. Nat\u00fcrlich entfleucht ihr regelm\u00e4\u00dfig ein lauter Schrei oder eine unpassende Beleidigung, aber in ihrem Familien-Idyll und dem nahe gelegenen Wald und Fluss, f\u00fchlt sie sich wohl. Zur Schule geht die 17j\u00e4hrige nicht mehr, denn da war sie den st\u00e4ndigen bl\u00f6den Bemerkungen ihrer Mitsch\u00fcler ausgesetzt.<\/span><\/h2>\n<h2 style=\"text-align: justify;\"><span style=\"color: #333333;\">Doch als sie ihren Vater (Waldemar Kobus) w\u00e4hrend der Arbeitszeit im Wald antrifft, wo er Job-Anzeigen studiert, beginnen sich die Dinge zu \u00e4ndern. Zuerst hilft sie ihm als heimliche Verb\u00fcndete, indem sie ihn f\u00fcr das Vorstellungsgespr\u00e4ch trainiert, doch als er darauf hin erfolgreich einen Arbeitsplatz in Berlin bekommt, fangen f\u00fcr sie die Schwierigkeiten erst an. Als am Tourette-Syndrom-Erkrankte in Berlin, kann sie sich nicht vorstellen, weshalb sie unbedingt gen\u00fcgend Geld zusammen bekommen muss, damit ihr Vater nicht nach Berlin zu gehen braucht.<\/span><\/h2>\n<h2 style=\"text-align: justify;\"><span style=\"color: #333333;\">Nachdem eigene Bewerbungsversuche an ihrer Krankheit scheiterten, beschlie\u00dft sie, gemeinsam mit Onkel Bernie, die Sparkasse zu \u00fcberfallen&#8230;<\/span><\/h2>\n<h2 style=\"text-align: justify;\"><span style=\"color: #333333;\">Ein Tick anders ist eine deutsche Filmkom\u00f6die vom Regisseur Andi Rogenhagen aus dem Jahr 2011.<\/span><\/h2>\n<h2 style=\"text-align: justify;\"><span style=\"color: #333333;\"><br \/>\n<strong><span style=\"text-decoration: underline;\">Handlung:<\/span><\/strong><\/span><\/h2>\n<h2 style=\"text-align: justify;\"><span style=\"color: #333333;\">Eva ist 17 Jahre alt und hat ein Problem: Sie leidet unter dem Tourette-Syndrom. Wegen ihrer st\u00e4ndigen Ticks hat sie die Schule geschmissen und sucht die Einsamkeit im Wald, wo sie sich sicher f\u00fchlt.<\/span><\/h2>\n<h2 style=\"text-align: justify;\"><span style=\"color: #333333;\">Ihr Leben ger\u00e4t allerdings v\u00f6llig aus den Fugen, als sie eine Leiche im Wald findet. Die Ereignisse kommen Schlag auf Schlag: Ihr Vater wird arbeitslos und der Familie wird der Kredit gek\u00fcndigt. Da der Vater in Berlin einen neuen Arbeitsplatz findet, muss die Familie umziehen. Die Angst vor den Ver\u00e4nderungen zwingen Eva dazu, sich einen Job zu suchen, damit sie sich das Leben in ihrem Heimatort finanzieren kann und nicht mit ihren Eltern in die Gro\u00dfstadt ziehen muss. Da die Suche nach einem Arbeitsplatz wegen ihrer Ticks scheitert, schmiedet sie mit ihrem durchgeknallten Onkel Bernie den Plan, an einem Gesangscasting teilzunehmen.<\/span><\/h2>\n<h2 style=\"text-align: justify;\"><span style=\"color: #333333;\">Der gemeinsam komponierte Song \u201eArschlicht\u201c findet nicht die Gunst der Jury. Eva und Bernie haben aber schon einen neuen Plan: Sie erleichtern den gemeinen Sparkassen-Chef K\u00fchne, welcher der Familie den Kredit gek\u00fcndigt hatte, um einen Koffer voll Schwarzgeld, damit Eva in der Heimat bleiben kann.<\/span><\/h2>\n<h2 style=\"text-align: justify;\"><span style=\"color: #333333;\"><br \/>\n<strong><span style=\"text-decoration: underline;\">Hintergrund:<\/span><\/strong><\/span><\/h2>\n<h2 style=\"text-align: justify;\"><span style=\"color: #333333;\">Gedreht wurde der Film unter dem Arbeitstitel \u201eJohnny K\u00fchlkissen\u201c vom 27. April bis zum 10. Juni 2010 in der Stadt Marl. Wenige Szenen wurden auch in Osnabr\u00fcck gedreht. F\u00fcr das Szenenbild war der K\u00fcnstler Peter Menne verantwortlich.<\/span><\/h2>\n<h2 style=\"text-align: justify;\"><span style=\"color: #333333;\">Finanziert wurde der von W\u00fcste Film produzierte Film von der Filmf\u00f6rderung Hamburg Schleswig-Holstein, der Filmstiftung Nordrhein-Westfalen, dem Deutschen Filmf\u00f6rderfonds und Nordmedia.<\/span><\/h2>\n<h2 style=\"text-align: justify;\"><span style=\"color: #333333;\">Am 4. Juli 2011 wurde der Film als Kinopremiere im Theater Marl gezeigt. Seine Hamburg-Premiere feierte Ein Tick anders am 5. Juli 2011 im Abaton-Kino. Bereits davor war der Film auf Filmfestivals zu sehen. Der Film kam am 7. Juli 2011 in die deutschen Kinos.<\/span><\/h2>\n<h2 style=\"text-align: justify;\"><span style=\"color: #333333;\"><br \/>\n<strong><span style=\"text-decoration: underline;\">Kritik:<\/span><\/strong><\/span><\/h2>\n<h2 style=\"text-align: justify;\"><span style=\"color: #333333;\">\u201eDie zwischen Kinder-, Jugend- und Erwachsenenfilm schwankende Inszenierung wei\u00df die Protagonisten zwar skurril zu portr\u00e4tieren, verengt den Blick auf das &#8222;Tourette&#8220;-Syndrom aber allzu sehr auf eine Aneinanderreihung obsz\u00f6ner Wortschwalle. W\u00e4hrend sich die Dramaturgie oft in Nebenstr\u00e4ngen verliert, ber\u00fchren die erfrischenden Darsteller und die poesievolle Kamera.\u201c Lexikon des Internationalen Films<\/span><\/h2>\n<h2 style=\"text-align: justify;\"><span style=\"color: #333333;\"><br \/>\n<strong><span style=\"text-decoration: underline;\">Auszeichnungen:<\/span><\/strong><\/span><\/h2>\n<h2 style=\"text-align: justify;\"><span style=\"color: #333333;\">Filmkunstfest Mecklenburg-Vorpommern 2011: Nachwuchsdarstellerpreis f\u00fcr Jasna Fritzi Bauer<\/span><\/h2>\n<h2 style=\"text-align: justify;\"><span style=\"color: #333333;\">Publikumspreis des Festival des deutschen Films 2011<\/span><\/h2>\n<h2 style=\"text-align: justify;\"><span style=\"color: #333333;\">Kinofest L\u00fcnen 2011: RuhrPott Leserfilmpreis<\/span><\/h2>\n<h2 style=\"text-align: justify;\"><span style=\"color: #333333;\">New Faces Award der Zeitschrift Bunte f\u00fcr Jasna Fritzi Bauer als beste Nachwuchsdarstellerin<\/span><\/h2>\n<h2 style=\"text-align: justify;\"><span style=\"color: #333333;\">Vornominierung f\u00fcr den 1. Filmpreis f\u00fcr Tongestaltung f\u00fcr Bernd Hackmann, Kai Storck und Richard Borowski<\/span><\/h2>\n<h2 style=\"text-align: justify;\"><span style=\"color: #333333;\"><a href=\"http:\/\/de.wikipedia.org\/wiki\/Ein_Tick_anders\" target=\"_blank\"><span style=\"color: #333333;\"><br \/>\nQuelle: Wikipedia<\/span><\/a><\/span><\/h2>\n","protected":false},"excerpt":{"rendered":"<p>\u00a0\u00a0 [imdb id=&#8220;tt1605735&#8243;] Eva Strumpf (Jasna Fritzi Bauer) leidet am Tourette-Syndrom, aber sie lebt mit ihren Eltern, ihrem Onkel Bernie (Stefan Kurt), sowie ihrer Oma (Renate Delfs) in einer vertrauten Umgebung am Rand von Recklinghausen, die damit keine Probleme hat. Nat\u00fcrlich entfleucht ihr regelm\u00e4\u00dfig ein lauter Schrei oder eine unpassende Beleidigung, aber in ihrem Familien-Idyll und dem nahe gelegenen Wald<\/p>\n","protected":false},"author":1,"featured_media":0,"comment_status":"open","ping_status":"closed","sticky":false,"template":"","format":"standard","meta":{"footnotes":""},"categories":[38,7,3475,9,197,137,22019],"tags":[6610,5019,1648,91,6659,6645,1646,1647,5018,1649,3613,5020],"_links":{"self":[{"href":"http:\/\/fdb.fjon.de\/index.php?rest_route=\/wp\/v2\/posts\/12110"}],"collection":[{"href":"http:\/\/fdb.fjon.de\/index.php?rest_route=\/wp\/v2\/posts"}],"about":[{"href":"http:\/\/fdb.fjon.de\/index.php?rest_route=\/wp\/v2\/types\/post"}],"author":[{"embeddable":true,"href":"http:\/\/fdb.fjon.de\/index.php?rest_route=\/wp\/v2\/users\/1"}],"replies":[{"embeddable":true,"href":"http:\/\/fdb.fjon.de\/index.php?rest_route=%2Fwp%2Fv2%2Fcomments&post=12110"}],"version-history":[{"count":0,"href":"http:\/\/fdb.fjon.de\/index.php?rest_route=\/wp\/v2\/posts\/12110\/revisions"}],"wp:attachment":[{"href":"http:\/\/fdb.fjon.de\/index.php?rest_route=%2Fwp%2Fv2%2Fmedia&parent=12110"}],"wp:term":[{"taxonomy":"category","embeddable":true,"href":"http:\/\/fdb.fjon.de\/index.php?rest_route=%2Fwp%2Fv2%2Fcategories&post=12110"},{"taxonomy":"post_tag","embeddable":true,"href":"http:\/\/fdb.fjon.de\/index.php?rest_route=%2Fwp%2Fv2%2Ftags&post=12110"}],"curies":[{"name":"wp","href":"https:\/\/api.w.org\/{rel}","templated":true}]}}