{"id":11832,"date":"2013-07-12T09:12:32","date_gmt":"2013-07-12T07:12:32","guid":{"rendered":"http:\/\/fdb.fjon.de\/?p=11832"},"modified":"2016-07-21T09:17:22","modified_gmt":"2016-07-21T07:17:22","slug":"schlachtnacht-2006","status":"publish","type":"post","link":"http:\/\/fdb.fjon.de\/?p=11832","title":{"rendered":"Schlachtnacht &#8211; SL8N8 (2006) &#8211; [UNCUT]"},"content":{"rendered":"<p><a href=\"?tag=divx\"><img loading=\"lazy\" decoding=\"async\" class=\"alignnone size-full wp-image-37804\" src=\"http:\/\/fdb.fjon.de\/wp-content\/uploads\/2014\/11\/divx0.jpg\" alt=\"divx0\" width=\"51\" height=\"51\" \/><\/a>\u00a0<a href=\"?tag=fsk16\"><img loading=\"lazy\" decoding=\"async\" class=\"alignnone size-full wp-image-37798\" src=\"http:\/\/fdb.fjon.de\/wp-content\/uploads\/2014\/11\/160.jpg\" alt=\"160\" width=\"51\" height=\"51\" \/><\/a><a href=\"?tag=uncut\"><img loading=\"lazy\" decoding=\"async\" class=\"alignnone size-full wp-image-37793\" src=\"http:\/\/fdb.fjon.de\/wp-content\/uploads\/2014\/11\/uncut0.jpg\" alt=\"_uncut0\" width=\"51\" height=\"51\" \/><\/a>\u00a0<a href=\"http:\/\/www.schnittberichte.com\/svds.php?Page=Titel&amp;ID=13766\" target=\"_blank\"><img loading=\"lazy\" decoding=\"async\" class=\"alignnone size-full wp-image-37806\" src=\"http:\/\/fdb.fjon.de\/wp-content\/uploads\/2014\/11\/sb0.jpg\" alt=\"sb0\" width=\"51\" height=\"51\" \/><\/a><\/p>\n<p style=\"text-align: center;\">[imdb id=&#8220;tt0493452&#8243;]<\/p>\n<table id=\"table1\" style=\"width: 100%;\" border=\"0\">\n<tbody>\n<tr>\n<td align=\"justify\" valign=\"top\" width=\"320\"><img loading=\"lazy\" decoding=\"async\" style=\"border: 0px;\" src=\"http:\/\/www.moviepilot.de\/files\/images\/0600\/5082\/z.jpg\" alt=\"\" width=\"320\" height=\"447\" border=\"0\" \/><\/td>\n<td style=\"text-align: justify; width: 320px; vertical-align: top;\" align=\"justify\" valign=\"top\" width=\"320\">Die achtzehnj\u00e4hrige Kristel \u00fcberlebt einen Autounfall, bei dem ihr Vater stirbt. Von n\u00e4chtlichen Visionen gequ\u00e4lt f\u00e4ngt sie an, sich f\u00fcr die Nachforschungen ihres Vaters \u00fcber Serienkiller zu interessieren \u2013 insbesondere \u00fcber Andries Martiens, der im 19. Jahrhundert f\u00fcr das Abschlachten von Kindern zum Tode verurteilt wurde. Kurzerhand beschlie\u00dft Sie mit ein paar Freunden vom College eine stillgelegte Mine zu besuchen, in der ihr Vater die Untersuchungen im Fall Martiens leitete.<\/td>\n<\/tr>\n<\/tbody>\n<\/table>\n<h2 style=\"text-align: center;\"><span style=\"font-family: Verdana; font-size: x-large;\"><!--more--><\/span><\/h2>\n<p style=\"text-align: center;\"><span style=\"font-family: Verdana; font-size: x-large;\"><img loading=\"lazy\" decoding=\"async\" src=\"http:\/\/www.moviepilot.de\/files\/images\/0600\/5082\/z.jpg\" alt=\"\" width=\"640\" height=\"894\" border=\"0\" \/><\/span><\/p>\n<p style=\"text-align: center;\"><iframe loading=\"lazy\" src=\"http:\/\/www.youtube.com\/embed\/pVtPOGP8IMI\" width=\"640\" height=\"480\" frameborder=\"0\" allowfullscreen=\"allowfullscreen\"><\/iframe><\/p>\n<p style=\"text-align: center;\"><iframe loading=\"lazy\" src=\"http:\/\/www.youtube.com\/embed\/D4dgneFutWk\" width=\"640\" height=\"480\" frameborder=\"0\" allowfullscreen=\"allowfullscreen\"><\/iframe><\/p>\n<p style=\"text-align: center;\"><iframe loading=\"lazy\" src=\"http:\/\/www.youtube.com\/embed\/E6IjmT7VsH8\" width=\"640\" height=\"480\" frameborder=\"0\" allowfullscreen=\"allowfullscreen\"><\/iframe><\/p>\n<h2 style=\"text-align: justify;\"><span style=\"color: #333333;\"><br \/>\n<strong><span style=\"text-decoration: underline;\">Inhalt:<\/span><\/strong><\/span><\/h2>\n<h2 style=\"text-align: justify;\"><span style=\"color: #333333;\">Die junge Kristel begibt sich, zusammen mit ein paar Freunden, auf die Suche nach einem Manuskript des vor kurzem durch einen Autounfall verstorbenen Vaters von Kristel, welches Informationen \u00fcber den Serienm\u00f6rder Andries Martiens verbergen soll. In einem Bergwerk in Belgien, wo ihr Vater unter anderem gearbeitet hat, soll es hinterlegt sein. Allerdings werden die Freunde dort vom Bergwerksf\u00fchrer zu einer kleinen Tour durch die verfallene Mine eingeladen, welche die Gruppe nat\u00fcrlich nur zu gerne annimmt. Als sie dort ankommen, f\u00e4llt allerdings der Fahrstuhl nach oben aus und Rettung scheint nicht in Sicht zu sein. Aus einem Jux heraus probieren sie deshalb, mit einem Ouija-Brett Kontakt zu Andries Martiens aufzunehmen, der dort unten exekutiert worden sein soll. Das Experiment gelingt &#8211; allerdings mit \u00e4u\u00dferst unangenehmen Ausma\u00dfen&#8230;<\/span><\/h2>\n<h2 style=\"text-align: justify;\"><span style=\"color: #333333;\"><br \/>\n<strong><span style=\"text-decoration: underline;\">Handlung:<\/span><\/strong><\/span><\/h2>\n<h2 style=\"text-align: justify;\"><span style=\"color: #333333;\">Die achtzehnj\u00e4hrige Kristel \u00fcberlebt einen Autounfall, bei dem ihr Vater stirbt. Von n\u00e4chtlichen Visionen gequ\u00e4lt f\u00e4ngt sie an, sich f\u00fcr die Nachforschungen ihres Vaters \u00fcber Serienkiller zu interessieren \u2013 insbesondere \u00fcber Andries Martiens, der im 19. Jahrhundert f\u00fcr das Abschlachten von Kindern zum Tode verurteilt wurde. Kurzerhand beschlie\u00dft Sie mit ein paar Freunden vom College eine stillgelegte Mine zu besuchen, in der ihr Vater die Untersuchungen im Fall Martiens leitete. In den dunklen, verlassenen Minensch\u00e4chten wurden einst verurteilte M\u00f6rder als sogenannte Feuerwehrm\u00e4nner eingesetzt, um explosives Minengas zu entdecken. Ein Job, den normalerweise keiner \u00fcberlebte. Als die Gruppe in der Mine ankommt, streikt pl\u00f6tzlich \u2013 in 60 Meter Tiefe \u2013 der Schachtlift. Die Studenten m\u00fcssen nun selbst einen Weg aus dem maroden Minenlabyrinth finden. Doch sie sind nicht alleine dort unten. Der Geist von Martiens treibt noch immer sein Unwesen und ist blutr\u00fcnstiger denn je. Kristel und ihre Freunde, die die Nacht in der Mine verbringen wollen, kommen ihm da gerade Recht. Der Ausflug wird mehr und mehr zum Albtraum. Heute Nacht ist Schlachtnacht. Mit \u201cSchlachtnacht\u201d liefern Frank van Geloven und Edwin Visser den mit Abstand besten niederl\u00e4ndischen Genrefilm seit VERFLUCHTES AMSTERDAM ab. Sehr blutige Effekte gepaart mit der d\u00fcsteren, klaustrophobischen Atmosph\u00e4re einer alten Mine garantieren nervenzerfetzende Spannung f\u00fcr Genre-Fans. Ein weiteres Highlight der aktuellen, harten Horrorkost.<\/span><\/h2>\n<h2 style=\"text-align: justify;\"><span style=\"color: #333333;\"><a href=\"http:\/\/www.moviepilot.de\/movies\/schlachtnacht\" target=\"_blank\"><span style=\"color: #333333;\"><br \/>\nQuelle: Moviepilot<\/span><\/a><\/span><\/h2>\n","protected":false},"excerpt":{"rendered":"<p>\u00a0\u00a0 [imdb id=&#8220;tt0493452&#8243;] Die achtzehnj\u00e4hrige Kristel \u00fcberlebt einen Autounfall, bei dem ihr Vater stirbt. Von n\u00e4chtlichen Visionen gequ\u00e4lt f\u00e4ngt sie an, sich f\u00fcr die Nachforschungen ihres Vaters \u00fcber Serienkiller zu interessieren \u2013 insbesondere \u00fcber Andries Martiens, der im 19. Jahrhundert f\u00fcr das Abschlachten von Kindern zum Tode verurteilt wurde. Kurzerhand beschlie\u00dft Sie mit ein paar Freunden vom College eine stillgelegte<\/p>\n","protected":false},"author":1,"featured_media":0,"comment_status":"open","ping_status":"closed","sticky":false,"template":"","format":"standard","meta":{"footnotes":""},"categories":[48,5,3480,197,138,4,3479,22018,6,377],"tags":[6620,102,6659,1502,5245,6646,5248,5247,83,6688,5246],"_links":{"self":[{"href":"http:\/\/fdb.fjon.de\/index.php?rest_route=\/wp\/v2\/posts\/11832"}],"collection":[{"href":"http:\/\/fdb.fjon.de\/index.php?rest_route=\/wp\/v2\/posts"}],"about":[{"href":"http:\/\/fdb.fjon.de\/index.php?rest_route=\/wp\/v2\/types\/post"}],"author":[{"embeddable":true,"href":"http:\/\/fdb.fjon.de\/index.php?rest_route=\/wp\/v2\/users\/1"}],"replies":[{"embeddable":true,"href":"http:\/\/fdb.fjon.de\/index.php?rest_route=%2Fwp%2Fv2%2Fcomments&post=11832"}],"version-history":[{"count":0,"href":"http:\/\/fdb.fjon.de\/index.php?rest_route=\/wp\/v2\/posts\/11832\/revisions"}],"wp:attachment":[{"href":"http:\/\/fdb.fjon.de\/index.php?rest_route=%2Fwp%2Fv2%2Fmedia&parent=11832"}],"wp:term":[{"taxonomy":"category","embeddable":true,"href":"http:\/\/fdb.fjon.de\/index.php?rest_route=%2Fwp%2Fv2%2Fcategories&post=11832"},{"taxonomy":"post_tag","embeddable":true,"href":"http:\/\/fdb.fjon.de\/index.php?rest_route=%2Fwp%2Fv2%2Ftags&post=11832"}],"curies":[{"name":"wp","href":"https:\/\/api.w.org\/{rel}","templated":true}]}}