{"id":11816,"date":"2013-07-11T14:03:37","date_gmt":"2013-07-11T12:03:37","guid":{"rendered":"http:\/\/fdb.fjon.de\/?p=11816"},"modified":"2016-07-21T08:56:36","modified_gmt":"2016-07-21T06:56:36","slug":"salvador-kampf-um-die-freiheit-2006","status":"publish","type":"post","link":"http:\/\/fdb.fjon.de\/?p=11816","title":{"rendered":"Salvador &#8211; Kampf um die Freiheit (2006) &#8211; [UNCUT]"},"content":{"rendered":"<p><a href=\"?tag=divx\"><img loading=\"lazy\" decoding=\"async\" class=\"alignnone size-full wp-image-37804\" src=\"http:\/\/fdb.fjon.de\/wp-content\/uploads\/2014\/11\/divx0.jpg\" alt=\"divx0\" width=\"51\" height=\"51\" \/><\/a>\u00a0<a href=\"?tag=fsk16\"><img loading=\"lazy\" decoding=\"async\" class=\"alignnone size-full wp-image-37798\" src=\"http:\/\/fdb.fjon.de\/wp-content\/uploads\/2014\/11\/160.jpg\" alt=\"160\" width=\"51\" height=\"51\" \/><\/a><a href=\"?tag=uncut\"><img loading=\"lazy\" decoding=\"async\" class=\"alignnone size-full wp-image-37793\" src=\"http:\/\/fdb.fjon.de\/wp-content\/uploads\/2014\/11\/uncut0.jpg\" alt=\"_uncut0\" width=\"51\" height=\"51\" \/><\/a>\u00a0<img loading=\"lazy\" decoding=\"async\" class=\"alignnone size-full wp-image-37783\" src=\"http:\/\/fdb.fjon.de\/wp-content\/uploads\/2014\/11\/sb.jpg\" alt=\"sb\" width=\"51\" height=\"51\" \/><\/p>\n<p style=\"text-align: center;\">[imdb id=&#8220;tt0091886&#8243;]<\/p>\n<table id=\"table1\" style=\"width: 100%;\" border=\"0\">\n<tbody>\n<tr>\n<td align=\"justify\" valign=\"top\" width=\"320\"><img loading=\"lazy\" decoding=\"async\" style=\"border: 0px;\" src=\"http:\/\/www.moviepilot.de\/files\/images\/0000\/7766\/7766.jpg\" alt=\"\" width=\"320\" height=\"453\" border=\"0\" \/><\/td>\n<td style=\"text-align: justify; width: 320px; vertical-align: top;\" align=\"justify\" valign=\"top\" width=\"320\">Salvador Puig Antich war der letzte politische Gefangene der in Spanien die Todesstrafe erhielt, wurde hingerichtet am zweiten M\u00e4rz 1974. Seine Geschichte ist die des aktiven Widerstandes: die wachsende Freiheitsliebe l\u00e4sst Salvador und Gleichgesinnte zu gl\u00fchenden Systemgegnern werden, was sich in kriminellen Handlungen entl\u00e4dt. Doch als Salvador wegen Polizistenmordes angeklagt wird beginnt ein langer, m\u00fchsamer Kampf um eine m\u00f6gliche Aufhebung des Urteils\u2026<\/td>\n<\/tr>\n<\/tbody>\n<\/table>\n<h2 style=\"text-align: center;\"><span style=\"font-family: Verdana; font-size: x-large;\"><!--more--><\/span><\/h2>\n<p style=\"text-align: center;\"><span style=\"font-family: Verdana; font-size: x-large;\"><img loading=\"lazy\" decoding=\"async\" src=\"http:\/\/www.moviepilot.de\/files\/images\/0000\/7766\/7766.jpg\" alt=\"\" width=\"640\" height=\"906\" border=\"0\" \/><\/span><\/p>\n<p style=\"text-align: center;\"><iframe loading=\"lazy\" src=\"\/\/www.youtube.com\/embed\/WmjODs3COjA\" width=\"640\" height=\"480\" frameborder=\"0\" allowfullscreen=\"allowfullscreen\"><\/iframe><\/p>\n<h2 style=\"text-align: justify;\"><span style=\"color: #333333;\"><br \/>\n<strong><span style=\"text-decoration: underline;\">Inhalt:<\/span><\/strong><\/span><\/h2>\n<h2 style=\"text-align: justify;\"><span style=\"color: #333333;\">Salvador Puig Antich war der letzte politische Gefangene der in Spanien die Todesstrafe erhielt, wurde hingerichtet am zweiten M\u00e4rz 1974. Seine Geschichte ist die des aktiven Widerstandes: die wachsende Freiheitsliebe l\u00e4sst Salvador und Gleichgesinnte zu gl\u00fchenden Systemgegnern werden, was sich in kriminellen Handlungen entl\u00e4dt. Doch als Salvador wegen Polizistenmordes angeklagt wird beginnt ein langer, m\u00fchsamer Kampf um eine m\u00f6gliche Aufhebung des Urteils\u2026<\/span><\/h2>\n<h2 style=\"text-align: justify;\"><span style=\"color: #333333;\"><br \/>\nSalvador \u2013 Kampf um die Freiheit ist ein spanischer Spielfilm aus dem Jahr 2006 von Manuel Huerga mit Daniel Br\u00fchl, Trist\u00e1n Ulloa, Leonardo Sbaraglia, Leonor Watling, Ingrid Rubio und Joaqu\u00edn Hinojosa in den Hauptrollen.<\/span><\/h2>\n<h2 style=\"text-align: justify;\"><span style=\"color: #333333;\">Der Film basiert auf dem Buch Cuentra atr\u00e1s. La historia de Salvador Puig Antich von Francesco Escribano, der die letzte Hinrichtung eines H\u00e4ftlings durch die Garrote schildert: Salvador Puig Antich.<\/span><\/h2>\n<h2 style=\"text-align: justify;\"><span style=\"color: #333333;\">Der Film gewann den Goya-Filmpreis f\u00fcr das beste adaptierte Drehbuch (Lluis Arcazaro).<\/span><\/h2>\n<h2 style=\"text-align: justify;\"><span style=\"color: #333333;\"><br \/>\n<strong><span style=\"text-decoration: underline;\">Handlung:<\/span><\/strong><\/span><\/h2>\n<h2 style=\"text-align: justify;\"><span style=\"color: #333333;\">W\u00e4hrend der Nachwirkungen der Franco-Diktatur l\u00e4sst sich die MIL (Movimiento Ib\u00e9rico de Liberaci\u00f3n), eine Gruppierung mit anarchistischer Gesinnung, auf eine Serie von Raub\u00fcberf\u00e4llen ein, um ihre oppositionellen Aktivit\u00e4ten gegen die Diktatur finanzieren zu k\u00f6nnen. Salvador Puig Antich ist einer der idealistischen jungen Mitglieder der Gruppe. Die Polizei nimmt die Gruppe zun\u00e4chst nicht ernst, versucht aber schlie\u00dflich doch, sie dingfest zu machen.<\/span><\/h2>\n<h2 style=\"text-align: justify;\"><span style=\"color: #333333;\">Eine Polizeiaktion zur Verhaftung der noch aktiven Mitglieder der Gruppe endet mit einer wilden Schie\u00dferei, die den Tod eines jungen Polizisten und die Verhaftung der MIL-Mitglieder zur Folge hat. Salvador Puig Antich, der auch Schusswunden erlitten hat, wird beschuldigt, den Polizisten get\u00f6tet zu haben. In einem Prozess vor dem Milit\u00e4rtribunal wird er unter zahlreichen Unregelm\u00e4\u00dfigkeiten wie dem Verschwinden von Beweismitteln, zum Tode verurteilt, was durch den k\u00fcrzlich ver\u00fcbten Mord an der Leitfigur der Diktatur, Admiral Carrero Blanco, bedingt ist. In dem Bestreben einer Machtdemonstration verurteilt das Regime Salvador zum Tode, der durch die Garrote hingerichtet wird.<\/span><\/h2>\n<h2 style=\"text-align: justify;\"><span style=\"color: #333333;\"><br \/>\n<strong><span style=\"text-decoration: underline;\">Kritik:<\/span><\/strong><\/span><\/h2>\n<h2 style=\"text-align: justify;\"><span style=\"color: #333333;\">kino.de nennt den Film eine \u201ebeklemmende Geschichtsstunde in elementarer Vergangenheitsbew\u00e4ltigung\u201c und stellt fest: \u201eDer lockere Ton, der zu Anfang mit der 68er Rebellen-Romantik angeschlagen wird, wandelt sich alsbald zu einer bitteren Anklage.\u201c<\/span><\/h2>\n<h2 style=\"text-align: justify;\"><span style=\"color: #333333;\"><br \/>\n<strong><span style=\"text-decoration: underline;\">Hintergrund:<\/span><\/strong><\/span><\/h2>\n<h2 style=\"text-align: justify;\"><span style=\"color: #333333;\">Der Film nahm im Jahr 2006 unter dem Titel Una cierta mirada bei den Filmfestspielen von Cannes teil. Am 15. September 2006 w\u00e4hlte die Academia de las Artes y las Ciencias Cinematogr\u00e1ficas de Espa\u00f1a Salvador gemeinsam mit anderen Filmen als spanischen Beitrag f\u00fcr den Oscar aus.<\/span><\/h2>\n<h2 style=\"text-align: justify;\"><span style=\"color: #333333;\"><a href=\"http:\/\/de.wikipedia.org\/wiki\/Salvador_-_Kampf_um_die_Freiheit\" target=\"_blank\"><span style=\"color: #333333;\"><br \/>\nQuelle: Wikipedia<\/span><\/a><\/span><\/h2>\n","protected":false},"excerpt":{"rendered":"<p>\u00a0\u00a0 [imdb id=&#8220;tt0091886&#8243;] Salvador Puig Antich war der letzte politische Gefangene der in Spanien die Todesstrafe erhielt, wurde hingerichtet am zweiten M\u00e4rz 1974. Seine Geschichte ist die des aktiven Widerstandes: die wachsende Freiheitsliebe l\u00e4sst Salvador und Gleichgesinnte zu gl\u00fchenden Systemgegnern werden, was sich in kriminellen Handlungen entl\u00e4dt. Doch als Salvador wegen Polizistenmordes angeklagt wird beginnt ein langer, m\u00fchsamer Kampf um<\/p>\n","protected":false},"author":1,"featured_media":0,"comment_status":"open","ping_status":"closed","sticky":false,"template":"","format":"standard","meta":{"footnotes":""},"categories":[48,1453,197,4760,138,22018,6,377],"tags":[6620,385,6659,93,6646,5263,1498,5262,6688],"_links":{"self":[{"href":"http:\/\/fdb.fjon.de\/index.php?rest_route=\/wp\/v2\/posts\/11816"}],"collection":[{"href":"http:\/\/fdb.fjon.de\/index.php?rest_route=\/wp\/v2\/posts"}],"about":[{"href":"http:\/\/fdb.fjon.de\/index.php?rest_route=\/wp\/v2\/types\/post"}],"author":[{"embeddable":true,"href":"http:\/\/fdb.fjon.de\/index.php?rest_route=\/wp\/v2\/users\/1"}],"replies":[{"embeddable":true,"href":"http:\/\/fdb.fjon.de\/index.php?rest_route=%2Fwp%2Fv2%2Fcomments&post=11816"}],"version-history":[{"count":0,"href":"http:\/\/fdb.fjon.de\/index.php?rest_route=\/wp\/v2\/posts\/11816\/revisions"}],"wp:attachment":[{"href":"http:\/\/fdb.fjon.de\/index.php?rest_route=%2Fwp%2Fv2%2Fmedia&parent=11816"}],"wp:term":[{"taxonomy":"category","embeddable":true,"href":"http:\/\/fdb.fjon.de\/index.php?rest_route=%2Fwp%2Fv2%2Fcategories&post=11816"},{"taxonomy":"post_tag","embeddable":true,"href":"http:\/\/fdb.fjon.de\/index.php?rest_route=%2Fwp%2Fv2%2Ftags&post=11816"}],"curies":[{"name":"wp","href":"https:\/\/api.w.org\/{rel}","templated":true}]}}